{"id":6181,"date":"2026-09-05T08:19:20","date_gmt":"2026-09-05T08:19:20","guid":{"rendered":"http:\/\/historia-zachodniopomorskie.pl\/?p=6181"},"modified":"2026-09-05T08:19:20","modified_gmt":"2026-09-05T08:19:20","slug":"rekowo-do-1945-reckow","status":"publish","type":"post","link":"http:\/\/historia-zachodniopomorskie.pl\/?p=6181","title":{"rendered":"Rekowo (do 1945 Reckow)"},"content":{"rendered":"\n<p>Miejscowo\u015b\u0107 po\u0142o\u017cona przy drodze \u0142\u0105cz\u0105cej Par\u0142\u00f3wko z Kamieniem Pomorskim. Jej nazwa pochodzi z j\u0119zyka kaszubskiego: R\u00e4kovo od kaszubskie r\u00e2k i polskie rak.<\/p>\n\n\n\n<p>Po raz pierwszy wymieniana w roku 1321 pod nazw\u0105 Rekow. W 1400 roku wymieniany we wsi jest Heinrich K\u00f6ller, a w roku 1431 w dokumentach biskupstwa kamie\u0144skiego znajduj\u0105 si\u0119 dalsze wzmianki o rodzie von K\u00f6ller z Reckowa, kt\u00f3rych maj\u0105tkiem jest ta wie\u015b. W 1628 roku K\u00f6llerowie z Reckowa p\u0142acili podatek \u0142\u0105cznie od 28 \u0142an\u00f3w, 5 gospodarstw zagrodniczych, 2 pasterzy, m\u0142yna i karczmy.<\/p>\n\n\n\n<figure class=\"wp-block-image size-large\"><a href=\"http:\/\/historia-zachodniopomorskie.pl\/wp-content\/uploads\/2026\/09\/SKM_C45824050610030.jpg\"><img fetchpriority=\"high\" decoding=\"async\" width=\"1024\" height=\"636\" src=\"http:\/\/historia-zachodniopomorskie.pl\/wp-content\/uploads\/2026\/09\/SKM_C45824050610030-1024x636.jpg\" alt=\"\" class=\"wp-image-6187\" srcset=\"http:\/\/historia-zachodniopomorskie.pl\/wp-content\/uploads\/2026\/09\/SKM_C45824050610030-1024x636.jpg 1024w, http:\/\/historia-zachodniopomorskie.pl\/wp-content\/uploads\/2026\/09\/SKM_C45824050610030-300x186.jpg 300w, http:\/\/historia-zachodniopomorskie.pl\/wp-content\/uploads\/2026\/09\/SKM_C45824050610030-768x477.jpg 768w, http:\/\/historia-zachodniopomorskie.pl\/wp-content\/uploads\/2026\/09\/SKM_C45824050610030-1200x746.jpg 1200w, http:\/\/historia-zachodniopomorskie.pl\/wp-content\/uploads\/2026\/09\/SKM_C45824050610030.jpg 1495w\" sizes=\"(max-width: 709px) 85vw, (max-width: 909px) 67vw, (max-width: 1362px) 62vw, 840px\" \/><\/a><\/figure>\n\n\n\n<p><em>fot. Widok na dw\u00f3r i zabudowania folwarczne w 1939 roku<\/em><\/p>\n\n\n\n<!--more-->\n\n\n\n<p>W 1717 roku pi\u0119\u0107 cz\u0119\u015bci maj\u0105tku p\u0142aci\u0142o podatek od 4\u215e \u0142ana, wymieniano nazwiska 4 ch\u0142op\u00f3w, 4 p\u00f3\u0142 rolnik\u00f3w i 11 zagrodnik\u00f3w. Oko\u0142o 1780 roku we wsi znajdowa\u0142y si\u0119 4 dobra szlacheckie, 3 owczarnie, m\u0142yn wodny i ku\u017ania. Mieszka\u0142o tu 5 ch\u0142op\u00f3w, 2 ch\u0142op\u00f3w ma\u0142orolnych, 13 zagrodnik\u00f3w, kowal, str\u00f3\u017c le\u015bny, nauczyciel i znajdowa\u0142o si\u0119 41 dom\u00f3w.<\/p>\n\n\n\n<figure class=\"wp-block-image size-large\"><a href=\"http:\/\/historia-zachodniopomorskie.pl\/wp-content\/uploads\/2026\/09\/SKM_C45824050610041.jpg\"><img decoding=\"async\" width=\"742\" height=\"1024\" src=\"http:\/\/historia-zachodniopomorskie.pl\/wp-content\/uploads\/2026\/09\/SKM_C45824050610041-742x1024.jpg\" alt=\"\" class=\"wp-image-6188\" srcset=\"http:\/\/historia-zachodniopomorskie.pl\/wp-content\/uploads\/2026\/09\/SKM_C45824050610041-742x1024.jpg 742w, http:\/\/historia-zachodniopomorskie.pl\/wp-content\/uploads\/2026\/09\/SKM_C45824050610041-217x300.jpg 217w, http:\/\/historia-zachodniopomorskie.pl\/wp-content\/uploads\/2026\/09\/SKM_C45824050610041-768x1060.jpg 768w, http:\/\/historia-zachodniopomorskie.pl\/wp-content\/uploads\/2026\/09\/SKM_C45824050610041-1113x1536.jpg 1113w, http:\/\/historia-zachodniopomorskie.pl\/wp-content\/uploads\/2026\/09\/SKM_C45824050610041-1200x1656.jpg 1200w, http:\/\/historia-zachodniopomorskie.pl\/wp-content\/uploads\/2026\/09\/SKM_C45824050610041.jpg 1467w\" sizes=\"(max-width: 709px) 85vw, (max-width: 909px) 67vw, (max-width: 984px) 61vw, (max-width: 1362px) 45vw, 600px\" \/><\/a><\/figure>\n\n\n\n<p><em>fot. Budynki przy g\u0142\u00f3wnej drodze w Rekowie-rok 1939<\/em><\/p>\n\n\n\n<p>W 1819 po\u0142\u0105czono maj\u0105tek w Rekowie z maj\u0105tkiem Moratz A (Moracz) w jeden obw\u00f3d podatkowy. W 1825 roku za\u0142o\u017cono folwark Ludwigshof (nie istnieje), na zagospodarowanych gruntach po\u0142o\u017cnych mi\u0119dzy Rekowem, a folwarkiem Wonneburg (nie istnieje). W 1870 roku za\u0142o\u017cono maj\u0105tek rycerski z folwarkiem, obejmuj\u0105cy 3005 m\u00f3rg i zamieszka\u0142y przez 204 osoby. Wie\u015b liczy\u0142a 11 w\u0142a\u015bcicieli i obejmowa\u0142a 658 m\u00f3rg. Poszczeg\u00f3lne cz\u0119\u015bci maj\u0105tku zosta\u0142y pod koniec XVIII wieku skupione w jednym r\u0119ku. W 1939 roku w\u0142a\u015bcicielem maj\u0105tku o powierzchni 749,5 ha by\u0142a rodzinna fundacja K\u00f6ller\u00f3w (K\u00f6llersche Familienstiftung).Ponadto istnia\u0142o tu 6 dziedzicznych gospodarstw ch\u0142opskich o \u0142\u0105cznej powierzchni 123 ha. W 1939 roku mieszka\u0142o we wsi 248 os\u00f3b. Do wsi nale\u017ca\u0142y: folwark Ludwigshof i m\u0142yn Reckower M\u00fchle.<\/p>\n\n\n\n<figure class=\"wp-block-image size-large\"><a href=\"http:\/\/historia-zachodniopomorskie.pl\/wp-content\/uploads\/2026\/09\/dom-robotnikow-folwarcznych-zwany-\u201eKlasztorem-\u201eKloster.-Dom-dwurodzinny-powstaly-w-wyniku-przebudowy-domu-chlopskiego-z-sienia-poprzeczna.-1769.jpg\"><img decoding=\"async\" width=\"1024\" height=\"944\" src=\"http:\/\/historia-zachodniopomorskie.pl\/wp-content\/uploads\/2026\/09\/dom-robotnikow-folwarcznych-zwany-\u201eKlasztorem-\u201eKloster.-Dom-dwurodzinny-powstaly-w-wyniku-przebudowy-domu-chlopskiego-z-sienia-poprzeczna.-1769-1024x944.jpg\" alt=\"\" class=\"wp-image-6186\" srcset=\"http:\/\/historia-zachodniopomorskie.pl\/wp-content\/uploads\/2026\/09\/dom-robotnikow-folwarcznych-zwany-\u201eKlasztorem-\u201eKloster.-Dom-dwurodzinny-powstaly-w-wyniku-przebudowy-domu-chlopskiego-z-sienia-poprzeczna.-1769-1024x944.jpg 1024w, http:\/\/historia-zachodniopomorskie.pl\/wp-content\/uploads\/2026\/09\/dom-robotnikow-folwarcznych-zwany-\u201eKlasztorem-\u201eKloster.-Dom-dwurodzinny-powstaly-w-wyniku-przebudowy-domu-chlopskiego-z-sienia-poprzeczna.-1769-300x277.jpg 300w, http:\/\/historia-zachodniopomorskie.pl\/wp-content\/uploads\/2026\/09\/dom-robotnikow-folwarcznych-zwany-\u201eKlasztorem-\u201eKloster.-Dom-dwurodzinny-powstaly-w-wyniku-przebudowy-domu-chlopskiego-z-sienia-poprzeczna.-1769-768x708.jpg 768w, http:\/\/historia-zachodniopomorskie.pl\/wp-content\/uploads\/2026\/09\/dom-robotnikow-folwarcznych-zwany-\u201eKlasztorem-\u201eKloster.-Dom-dwurodzinny-powstaly-w-wyniku-przebudowy-domu-chlopskiego-z-sienia-poprzeczna.-1769-1536x1416.jpg 1536w, http:\/\/historia-zachodniopomorskie.pl\/wp-content\/uploads\/2026\/09\/dom-robotnikow-folwarcznych-zwany-\u201eKlasztorem-\u201eKloster.-Dom-dwurodzinny-powstaly-w-wyniku-przebudowy-domu-chlopskiego-z-sienia-poprzeczna.-1769-1200x1106.jpg 1200w, http:\/\/historia-zachodniopomorskie.pl\/wp-content\/uploads\/2026\/09\/dom-robotnikow-folwarcznych-zwany-\u201eKlasztorem-\u201eKloster.-Dom-dwurodzinny-powstaly-w-wyniku-przebudowy-domu-chlopskiego-z-sienia-poprzeczna.-1769.jpg 1693w\" sizes=\"(max-width: 709px) 85vw, (max-width: 909px) 67vw, (max-width: 1362px) 62vw, 840px\" \/><\/a><\/figure>\n\n\n\n<p><em>fot. Dom robotnik\u00f3w folwarcznych, zwany \u201eKlasztorem\u201d (\u201eKloster\u201d). Dom dwurodzinny powsta\u0142y w wyniku przebudowy domu ch\u0142opskiego z sieni\u0105 poprzeczn\u0105 w roku 1769<\/em><\/p>\n\n\n\n<figure class=\"wp-block-image size-large\"><a href=\"http:\/\/historia-zachodniopomorskie.pl\/wp-content\/uploads\/2026\/09\/stodola-robotnikow-folwarcznych.-Rozebrana-w-1939-r.-1200.jpg\"><img loading=\"lazy\" decoding=\"async\" width=\"1024\" height=\"685\" src=\"http:\/\/historia-zachodniopomorskie.pl\/wp-content\/uploads\/2026\/09\/stodola-robotnikow-folwarcznych.-Rozebrana-w-1939-r.-1200-1024x685.jpg\" alt=\"\" class=\"wp-image-6191\" srcset=\"http:\/\/historia-zachodniopomorskie.pl\/wp-content\/uploads\/2026\/09\/stodola-robotnikow-folwarcznych.-Rozebrana-w-1939-r.-1200-1024x685.jpg 1024w, http:\/\/historia-zachodniopomorskie.pl\/wp-content\/uploads\/2026\/09\/stodola-robotnikow-folwarcznych.-Rozebrana-w-1939-r.-1200-300x201.jpg 300w, http:\/\/historia-zachodniopomorskie.pl\/wp-content\/uploads\/2026\/09\/stodola-robotnikow-folwarcznych.-Rozebrana-w-1939-r.-1200-768x514.jpg 768w, http:\/\/historia-zachodniopomorskie.pl\/wp-content\/uploads\/2026\/09\/stodola-robotnikow-folwarcznych.-Rozebrana-w-1939-r.-1200-1536x1027.jpg 1536w, http:\/\/historia-zachodniopomorskie.pl\/wp-content\/uploads\/2026\/09\/stodola-robotnikow-folwarcznych.-Rozebrana-w-1939-r.-1200-1200x803.jpg 1200w, http:\/\/historia-zachodniopomorskie.pl\/wp-content\/uploads\/2026\/09\/stodola-robotnikow-folwarcznych.-Rozebrana-w-1939-r.-1200.jpg 1764w\" sizes=\"(max-width: 709px) 85vw, (max-width: 909px) 67vw, (max-width: 1362px) 62vw, 840px\" \/><\/a><\/figure>\n\n\n\n<p><em>fot. Stodo\u0142a robotnik\u00f3w folwarcznych. Rozebrana w 1939 roku.<\/em><\/p>\n\n\n\n<p>W folwarku Ludwigsdorf (\u0141ysom) przed 1945 rokiem hodowano owce. Po 1945 roku istnia\u0142y tam jeszcze 3 budynki. W powojennym okresie budynki nie zosta\u0142y zagospodarowane i w przeci\u0105gu paru lat uleg\u0142y likwidacji.<\/p>\n\n\n\n<figure class=\"wp-block-image size-large\"><a href=\"http:\/\/historia-zachodniopomorskie.pl\/wp-content\/uploads\/2026\/09\/SKM_C45824050610400.jpg\"><img loading=\"lazy\" decoding=\"async\" width=\"1024\" height=\"671\" src=\"http:\/\/historia-zachodniopomorskie.pl\/wp-content\/uploads\/2026\/09\/SKM_C45824050610400-1024x671.jpg\" alt=\"\" class=\"wp-image-6189\" srcset=\"http:\/\/historia-zachodniopomorskie.pl\/wp-content\/uploads\/2026\/09\/SKM_C45824050610400-1024x671.jpg 1024w, http:\/\/historia-zachodniopomorskie.pl\/wp-content\/uploads\/2026\/09\/SKM_C45824050610400-300x197.jpg 300w, http:\/\/historia-zachodniopomorskie.pl\/wp-content\/uploads\/2026\/09\/SKM_C45824050610400-768x503.jpg 768w, http:\/\/historia-zachodniopomorskie.pl\/wp-content\/uploads\/2026\/09\/SKM_C45824050610400-1200x786.jpg 1200w, http:\/\/historia-zachodniopomorskie.pl\/wp-content\/uploads\/2026\/09\/SKM_C45824050610400.jpg 1482w\" sizes=\"(max-width: 709px) 85vw, (max-width: 909px) 67vw, (max-width: 1362px) 62vw, 840px\" \/><\/a><\/figure>\n\n\n\n<p><em>fot. Jeden z budynk\u00f3w gospodarczych w Rekowie -rok 1939<\/em><\/p>\n\n\n\n<p>We wsi znajdowa\u0142 si\u0119 folwark w kt\u00f3rym mo\u017cna wyr\u00f3\u017cni\u0107 trzy cz\u0119\u015bci \u2013 zesp\u00f3\u0142 dworsko-parkowy, zabudowania folwarczne i koloni\u0119 mieszkaniow\u0105. Niestety do dzisiejszego dnia nie przetrwa\u0142 dw\u00f3r i cz\u0119\u015b\u0107 budynk\u00f3w gospodarczych. Obecne budynki folwarczne zosta\u0142y mocno przebudowane. W folwarku hodowano g\u0142\u00f3wnie owce, kt\u00f3rych w 1939 roku by\u0142o 570 sztuk. Hodowano r\u00f3wnie\u017c byd\u0142o oraz trzod\u0119 chlewn\u0105. W 1892 roku folwarkiem zarz\u0105dza\u0142 Freiher von Gillern, a w latach 1905-1922 Max Lutze, a w roku 1939 dzier\u017cawi\u0142 go Richard von Flemming. Po 1945 roku zagrody ch\u0142opskie przej\u0119li polscy rolnicy indywidualni, a folwark upa\u0144stwowiono. Folwark w Rekowie nale\u017ca\u0142 do PGR w Dobropolu, kt\u00f3ry wchodzi\u0142 w sk\u0142ad KPGR w Wolinie.<\/p>\n\n\n\n<p>Nieistniej\u0105cy dw\u00f3r zosta\u0142 wybudowany oko\u0142o roku 1820. By\u0142 to budynek parterowy, murowany z dachem nacz\u00f3\u0142kowym. Zosta\u0142 rozebrany pod koniec lat 50 \u2013 tych XX wieku.<\/p>\n\n\n\n<p>Przed 1939 rokiem na bramie wjazdowejdo folwarku, na nadpro\u017cu znajdowa\u0142 si\u0119 napis: \u201eFLVK. 1766\u201d (Franz Ludwig von K\u00f6ller), a na belce nadpro\u017ca bramy: \u201eM.I.M.\u201d, 1766.<\/p>\n\n\n\n<figure class=\"wp-block-image size-full\"><a href=\"http:\/\/historia-zachodniopomorskie.pl\/wp-content\/uploads\/2026\/09\/SKM_C45824050612090.jpg\"><img loading=\"lazy\" decoding=\"async\" width=\"693\" height=\"932\" src=\"http:\/\/historia-zachodniopomorskie.pl\/wp-content\/uploads\/2026\/09\/SKM_C45824050612090.jpg\" alt=\"\" class=\"wp-image-6190\" srcset=\"http:\/\/historia-zachodniopomorskie.pl\/wp-content\/uploads\/2026\/09\/SKM_C45824050612090.jpg 693w, http:\/\/historia-zachodniopomorskie.pl\/wp-content\/uploads\/2026\/09\/SKM_C45824050612090-223x300.jpg 223w\" sizes=\"(max-width: 709px) 85vw, (max-width: 909px) 67vw, (max-width: 984px) 61vw, (max-width: 1362px) 45vw, 600px\" \/><\/a><\/figure>\n\n\n\n<p><em>fot. Dzwonnica w Rekowie w roku 1939<\/em><\/p>\n\n\n\n<p>Wed\u0142ug inwentarza ko\u015bcielnego z Dobropola z 1594 roku, w Rekowie znajdowa\u0142a si\u0119 kaplica zbudowana przez von K\u00f6ller\u00f3w, kt\u00f3ra ju\u017c wtedy nie nadawa\u0142a si\u0119 do u\u017cytku. W 1612 roku Steffen K\u00f6ller i jego bracia donosili, \u017ce Matthias K\u00f6ller przej\u0105\u0142 na rzecz maj\u0105tku ma\u0142y ko\u015bci\u00f3\u0142ek po\u0142o\u017cony bezpo\u015brednio obok jego dworu, na terenie cmentarza, w kt\u00f3rym jeszcze do 1609 r. odprawiano nabo\u017ce\u0144stwa. Nast\u0119pnie budynek zosta\u0142 wykorzystywany do cel\u00f3w gospodarczych, a teren cmentarza u\u017cytkowano jako ogr\u00f3d lnu. Matthias K\u00f6ller przej\u0105\u0142 r\u00f3wnie\u017c znajduj\u0105cy si\u0119 tam kielich liturgiczny. W 1664 roku jest wzmianka o zrujnowanej kaplicy. W 1780 roku, wymieniane s\u0105 jeszcze cz\u0119\u015bciowe fundamenty kaplicy. Po tym czasie w miejscu kaplicy postawiono dzwonnic\u0119 w kt\u00f3rej zosta\u0142 zawieszony dzwon z nieistniej\u0105cej kaplicy. Mia\u0142 on wysoko\u015b\u0107 56 cm, \u015brednic\u0119 49 cm i by\u0142 wykonany z br\u0105zu. Na szyi i wie\u0144cu znajdowa\u0142y si\u0119 pier\u015bcienie ozdobne. Pomi\u0119dzy nimi na szyi dzwonu znajdowa\u0142a si\u0119 inskrypcja wykonana wypuk\u0142ymi majusku\u0142ami:<\/p>\n\n\n\n<p><strong><em>\u201eANNO 1567 GODT MI LORENTZE BRVGMAN HELP GODT\u201d<\/em><\/strong><\/p>\n\n\n\n<p>W roku 1937 dzwonnica zosta\u0142a ca\u0142kowicie odremontowany i jej konstrukcj\u0119 wykonano wtedy z drewna d\u0119bowego.<\/p>\n\n\n\n<p>We wsi znajdowa\u0142 si\u0119 zamek, kt\u00f3rego \u017cadne \u015blady nie zachowa\u0142y si\u0119 do dzi\u015b, niegdy\u015b znajdowa\u0142 si\u0119 on na p\u00f3\u0142wyspie w pobli\u017cu uj\u015bcia Tawny do Wo\u0142czenicy.<\/p>\n\n\n\n<p>Wed\u0142ug Br\u00fcggemanna, u kt\u00f3rego zamek zosta\u0142 po raz pierwszy wspomniany, by\u0142 to ufortyfikowany rodowy dw\u00f3r von K\u00f6ller\u00f3w. Jeszcze w 1780 roku zachowane by\u0142y tam pozosta\u0142o\u015bci mur\u00f3w oraz podw\u00f3jny wa\u0142owy r\u00f3w.<\/p>\n\n\n\n<p>W 1880 roku K\u00fcthen uwa\u017ca\u0142, \u017ce zag\u0142\u0119bienia terenu znajduj\u0105ce si\u0119 wok\u00f3\u0142 jednego z gospodarstw ch\u0142opskich mo\u017cna by\u0142o rozpozna\u0107 jako pozosta\u0142o\u015bci dawnego za\u0142o\u017cenia obronnego.<\/p>\n\n\n\n<figure class=\"wp-block-image size-large\"><a href=\"http:\/\/historia-zachodniopomorskie.pl\/wp-content\/uploads\/2026\/09\/320-321-\u2014-kopia-\u2014-kopia.jpg\"><img loading=\"lazy\" decoding=\"async\" width=\"1024\" height=\"759\" src=\"http:\/\/historia-zachodniopomorskie.pl\/wp-content\/uploads\/2026\/09\/320-321-\u2014-kopia-\u2014-kopia-1024x759.jpg\" alt=\"\" class=\"wp-image-6184\" srcset=\"http:\/\/historia-zachodniopomorskie.pl\/wp-content\/uploads\/2026\/09\/320-321-\u2014-kopia-\u2014-kopia-1024x759.jpg 1024w, http:\/\/historia-zachodniopomorskie.pl\/wp-content\/uploads\/2026\/09\/320-321-\u2014-kopia-\u2014-kopia-300x222.jpg 300w, http:\/\/historia-zachodniopomorskie.pl\/wp-content\/uploads\/2026\/09\/320-321-\u2014-kopia-\u2014-kopia-768x569.jpg 768w, http:\/\/historia-zachodniopomorskie.pl\/wp-content\/uploads\/2026\/09\/320-321-\u2014-kopia-\u2014-kopia.jpg 1026w\" sizes=\"(max-width: 709px) 85vw, (max-width: 909px) 67vw, (max-width: 1362px) 62vw, 840px\" \/><\/a><\/figure>\n\n\n\n<p><em>fot. Mapa z widocznym miejscem gdzie prawdopodobnie znajdowa\u0142 si\u0119 zamek<\/em><\/p>\n\n\n\n<p>Obecna droga krajowa z Goleniowa do Kamienia Pomorskiego przebiega bezpo\u015brednio wzd\u0142u\u017c zachodniej strony dawnego zamku, a wed\u0142ug przekazu prowadzi nawet przez dawny wa\u0142 przedzamcza.<\/p>\n\n\n\n<p>We wsi znajduje si\u0119 cmentarz ewangelicki, praktycznie pozbawiony nagrobk\u00f3w.<\/p>\n\n\n\n<p>W 2021 roku we wsi mieszka\u0142o 183 mieszka\u0144c\u00f3w.<\/p>\n\n\n\n<figure class=\"wp-block-image size-large\"><a href=\"http:\/\/historia-zachodniopomorskie.pl\/wp-content\/uploads\/2026\/09\/2154_DOBROPOLE_GUPK_1947_UW.jpg\"><img loading=\"lazy\" decoding=\"async\" width=\"1024\" height=\"626\" src=\"http:\/\/historia-zachodniopomorskie.pl\/wp-content\/uploads\/2026\/09\/2154_DOBROPOLE_GUPK_1947_UW-1024x626.jpg\" alt=\"\" class=\"wp-image-6185\" srcset=\"http:\/\/historia-zachodniopomorskie.pl\/wp-content\/uploads\/2026\/09\/2154_DOBROPOLE_GUPK_1947_UW-1024x626.jpg 1024w, http:\/\/historia-zachodniopomorskie.pl\/wp-content\/uploads\/2026\/09\/2154_DOBROPOLE_GUPK_1947_UW-300x183.jpg 300w, http:\/\/historia-zachodniopomorskie.pl\/wp-content\/uploads\/2026\/09\/2154_DOBROPOLE_GUPK_1947_UW-768x469.jpg 768w, http:\/\/historia-zachodniopomorskie.pl\/wp-content\/uploads\/2026\/09\/2154_DOBROPOLE_GUPK_1947_UW-1536x938.jpg 1536w, http:\/\/historia-zachodniopomorskie.pl\/wp-content\/uploads\/2026\/09\/2154_DOBROPOLE_GUPK_1947_UW-2048x1251.jpg 2048w, http:\/\/historia-zachodniopomorskie.pl\/wp-content\/uploads\/2026\/09\/2154_DOBROPOLE_GUPK_1947_UW-1200x733.jpg 1200w\" sizes=\"(max-width: 709px) 85vw, (max-width: 909px) 67vw, (max-width: 1362px) 62vw, 840px\" \/><\/a><\/figure>\n\n\n\n<p><em>fot. Mapa Rekowa w roku 1945<\/em><\/p>\n","protected":false},"excerpt":{"rendered":"<p>Miejscowo\u015b\u0107 po\u0142o\u017cona przy drodze \u0142\u0105cz\u0105cej Par\u0142\u00f3wko z Kamieniem Pomorskim. Jej nazwa pochodzi z j\u0119zyka kaszubskiego: R\u00e4kovo od kaszubskie r\u00e2k i polskie rak. Po raz pierwszy wymieniana w roku 1321 pod nazw\u0105 Rekow. W 1400 roku wymieniany we wsi jest Heinrich K\u00f6ller, a w roku 1431 w dokumentach biskupstwa kamie\u0144skiego znajduj\u0105 si\u0119 dalsze wzmianki o rodzie &hellip; <a href=\"http:\/\/historia-zachodniopomorskie.pl\/?p=6181\" class=\"more-link\">Czytaj dalej<span class=\"screen-reader-text\"> \u201eRekowo (do 1945 Reckow)\u201d<\/span><\/a><\/p>\n","protected":false},"author":2,"featured_media":0,"comment_status":"open","ping_status":"open","sticky":false,"template":"","format":"standard","meta":{"footnotes":""},"categories":[126,1,119],"tags":[],"class_list":["post-6181","post","type-post","status-publish","format-standard","hentry","category-gmina-kamien-pomorski","category-uncategorized","category-powiat-kamienski"],"_links":{"self":[{"href":"http:\/\/historia-zachodniopomorskie.pl\/index.php?rest_route=\/wp\/v2\/posts\/6181"}],"collection":[{"href":"http:\/\/historia-zachodniopomorskie.pl\/index.php?rest_route=\/wp\/v2\/posts"}],"about":[{"href":"http:\/\/historia-zachodniopomorskie.pl\/index.php?rest_route=\/wp\/v2\/types\/post"}],"author":[{"embeddable":true,"href":"http:\/\/historia-zachodniopomorskie.pl\/index.php?rest_route=\/wp\/v2\/users\/2"}],"replies":[{"embeddable":true,"href":"http:\/\/historia-zachodniopomorskie.pl\/index.php?rest_route=%2Fwp%2Fv2%2Fcomments&post=6181"}],"version-history":[{"count":7,"href":"http:\/\/historia-zachodniopomorskie.pl\/index.php?rest_route=\/wp\/v2\/posts\/6181\/revisions"}],"predecessor-version":[{"id":6196,"href":"http:\/\/historia-zachodniopomorskie.pl\/index.php?rest_route=\/wp\/v2\/posts\/6181\/revisions\/6196"}],"wp:attachment":[{"href":"http:\/\/historia-zachodniopomorskie.pl\/index.php?rest_route=%2Fwp%2Fv2%2Fmedia&parent=6181"}],"wp:term":[{"taxonomy":"category","embeddable":true,"href":"http:\/\/historia-zachodniopomorskie.pl\/index.php?rest_route=%2Fwp%2Fv2%2Fcategories&post=6181"},{"taxonomy":"post_tag","embeddable":true,"href":"http:\/\/historia-zachodniopomorskie.pl\/index.php?rest_route=%2Fwp%2Fv2%2Ftags&post=6181"}],"curies":[{"name":"wp","href":"https:\/\/api.w.org\/{rel}","templated":true}]}}