{"id":5751,"date":"2026-04-25T06:53:53","date_gmt":"2026-04-25T06:53:53","guid":{"rendered":"http:\/\/historia-zachodniopomorskie.pl\/?p=5751"},"modified":"2026-04-25T07:09:42","modified_gmt":"2026-04-25T07:09:42","slug":"kosciol-katolicki-budzieszowce-do-1945-kosciol-protestancki-w-korkenhagen","status":"publish","type":"post","link":"http:\/\/historia-zachodniopomorskie.pl\/?p=5751","title":{"rendered":"Ko\u015bci\u00f3\u0142 katolicki \u2013Budzieszowce\u2013 (do 1945 ko\u015bci\u00f3\u0142 protestancki w Korkenhagen)"},"content":{"rendered":"\n<p>Ko\u015bci\u00f3\u0142 posiada \u015bredniowieczn\u0105 metryk\u0119. Wymieniany jest po raz pierwszy w roku 1338, kiedy to biskup kamie\u0144ski Fryderyk, pozwoli\u0142 miejscowemu proboszczowi na roczne funkcjonowanie bractwa kalandowego czyli stowarzyszenia religijnego. Kolejne pozwolenia dla proboszcza wyda\u0142 w 1345 roku biskup kamie\u0144ski Johan. Najprawdopodobniej na pocz\u0105tku by\u0142 to ko\u015bci\u00f3\u0142 chrze\u015bcija\u0144ski. <\/p>\n\n\n\n<figure class=\"wp-block-image size-large\"><a href=\"http:\/\/historia-zachodniopomorskie.pl\/wp-content\/uploads\/2026\/04\/DSC_0102-2-scaled.jpg\"><img fetchpriority=\"high\" decoding=\"async\" width=\"1024\" height=\"683\" src=\"http:\/\/historia-zachodniopomorskie.pl\/wp-content\/uploads\/2026\/04\/DSC_0102-2-1024x683.jpg\" alt=\"\" class=\"wp-image-5765\" srcset=\"http:\/\/historia-zachodniopomorskie.pl\/wp-content\/uploads\/2026\/04\/DSC_0102-2-1024x683.jpg 1024w, http:\/\/historia-zachodniopomorskie.pl\/wp-content\/uploads\/2026\/04\/DSC_0102-2-300x200.jpg 300w, http:\/\/historia-zachodniopomorskie.pl\/wp-content\/uploads\/2026\/04\/DSC_0102-2-768x512.jpg 768w, http:\/\/historia-zachodniopomorskie.pl\/wp-content\/uploads\/2026\/04\/DSC_0102-2-1536x1024.jpg 1536w, http:\/\/historia-zachodniopomorskie.pl\/wp-content\/uploads\/2026\/04\/DSC_0102-2-2048x1365.jpg 2048w, http:\/\/historia-zachodniopomorskie.pl\/wp-content\/uploads\/2026\/04\/DSC_0102-2-1200x800.jpg 1200w\" sizes=\"(max-width: 709px) 85vw, (max-width: 909px) 67vw, (max-width: 1362px) 62vw, 840px\" \/><\/a><\/figure>\n\n\n\n<p><em>fot. Ko\u015bci\u00f3\u0142 w Budzieszowcach. Zdj\u0119cie Beata Poli\u0144ska<\/em><\/p>\n\n\n\n<!--more-->\n\n\n\n<p>Obecny ko\u015bci\u00f3\u0142 w stylu p\u00f3\u017anogotyckim wybudowano w XV wieku. Po reformacji ko\u015bci\u00f3\u0142 przej\u0119li protestanci i utworzono w nim parafi\u0119. Ko\u015bci\u00f3\u0142 od pocz\u0105tku nale\u017ca\u0142 do synodu w Golczewie. W 1776 roku zosta\u0142 fili\u0105 ko\u015bcio\u0142a w Sch\u00f6nhagen (Osina). P\u00f3\u017aniej zosta\u0142 przy\u0142\u0105czony do synodu w Goleniowie i parafii w Osinie. Do ko\u015bcio\u0142a ucz\u0119szczali mieszka\u0144cy pobliskich Neuendorf (Jaros\u0142awki) i Friederikenhof (Dobros\u0142awiec). \u00d3wczesnymi patronami ko\u015bcio\u0142a byli w\u0142a\u015bciciele maj\u0105tku w Budzieszowcach i Jaros\u0142awkach.<\/p>\n\n\n\n<figure class=\"wp-block-image size-large\"><a href=\"http:\/\/historia-zachodniopomorskie.pl\/wp-content\/uploads\/2026\/04\/Korkenhagen-\u2014-kopia.jpg\"><img decoding=\"async\" width=\"1024\" height=\"649\" src=\"http:\/\/historia-zachodniopomorskie.pl\/wp-content\/uploads\/2026\/04\/Korkenhagen-\u2014-kopia-1024x649.jpg\" alt=\"\" class=\"wp-image-5761\" srcset=\"http:\/\/historia-zachodniopomorskie.pl\/wp-content\/uploads\/2026\/04\/Korkenhagen-\u2014-kopia-1024x649.jpg 1024w, http:\/\/historia-zachodniopomorskie.pl\/wp-content\/uploads\/2026\/04\/Korkenhagen-\u2014-kopia-300x190.jpg 300w, http:\/\/historia-zachodniopomorskie.pl\/wp-content\/uploads\/2026\/04\/Korkenhagen-\u2014-kopia-768x487.jpg 768w, http:\/\/historia-zachodniopomorskie.pl\/wp-content\/uploads\/2026\/04\/Korkenhagen-\u2014-kopia-1536x973.jpg 1536w, http:\/\/historia-zachodniopomorskie.pl\/wp-content\/uploads\/2026\/04\/Korkenhagen-\u2014-kopia-1200x760.jpg 1200w, http:\/\/historia-zachodniopomorskie.pl\/wp-content\/uploads\/2026\/04\/Korkenhagen-\u2014-kopia.jpg 1660w\" sizes=\"(max-width: 709px) 85vw, (max-width: 909px) 67vw, (max-width: 1362px) 62vw, 840px\" \/><\/a><\/figure>\n\n\n\n<p><em>fot. Widok na ko\u015bci\u00f3\u0142 od strony jeziora -rok 1910. Zdj\u0119cie z kolekcji Wojciech Janda<\/em><\/p>\n\n\n\n<p>W II po\u0142owie XVII wieku, do ko\u015bcio\u0142a dostawiono drewnian\u0105 dzwonnic\u0119 w kszta\u0142cie wie\u017cy, zwie\u0144czon\u0105 he\u0142mem. Wtedy tez dobudowano zakrysti\u0119, przemurowano okna i wymieniono wi\u0119\u017ab\u0119 dachow\u0105, za\u0142o\u017cono r\u00f3wnie\u017c belkowy strop. W latach 1866-1872 w ko\u015bciele przeprowadzono generalny remont. Wymieniany w tym okresie jest jeden z patron\u00f3w ko\u015bcio\u0142a F. Maas z Budzieszowic, kt\u00f3ry wyda\u0142 w trakcie remontu 800 talar\u00f3w na przer\u00f3bk\u0119 okien. W 1910 roku patronem ko\u015bcio\u0142a zosta\u0142 Landbank z Berlina.<\/p>\n\n\n\n<figure class=\"wp-block-image size-large\"><a href=\"http:\/\/historia-zachodniopomorskie.pl\/wp-content\/uploads\/2026\/04\/Gemini_Generated_Image_hj62tmhj62tmhj62.png\"><img decoding=\"async\" width=\"1024\" height=\"666\" src=\"http:\/\/historia-zachodniopomorskie.pl\/wp-content\/uploads\/2026\/04\/Gemini_Generated_Image_hj62tmhj62tmhj62-1024x666.png\" alt=\"\" class=\"wp-image-5759\" srcset=\"http:\/\/historia-zachodniopomorskie.pl\/wp-content\/uploads\/2026\/04\/Gemini_Generated_Image_hj62tmhj62tmhj62-1024x666.png 1024w, http:\/\/historia-zachodniopomorskie.pl\/wp-content\/uploads\/2026\/04\/Gemini_Generated_Image_hj62tmhj62tmhj62-300x195.png 300w, http:\/\/historia-zachodniopomorskie.pl\/wp-content\/uploads\/2026\/04\/Gemini_Generated_Image_hj62tmhj62tmhj62-768x499.png 768w, http:\/\/historia-zachodniopomorskie.pl\/wp-content\/uploads\/2026\/04\/Gemini_Generated_Image_hj62tmhj62tmhj62-1200x780.png 1200w, http:\/\/historia-zachodniopomorskie.pl\/wp-content\/uploads\/2026\/04\/Gemini_Generated_Image_hj62tmhj62tmhj62.png 1215w\" sizes=\"(max-width: 709px) 85vw, (max-width: 909px) 67vw, (max-width: 1362px) 62vw, 840px\" \/><\/a><\/figure>\n\n\n\n<p><em>fot. Widok na ko\u015bci\u00f3\u0142 od strony drogi z Dobros\u0142awca &#8211; rok 1927. Zdj\u0119cie z kolekcji Wojciech Janda<\/em><\/p>\n\n\n\n<p>Po przej\u0119ciu tych teren\u00f3w przez Rzeczpospolit\u0105, ko\u015bci\u00f3\u0142 przej\u0119li polscy katolicy. Ko\u015bci\u00f3\u0142 konsekrowano w dniu 22 wrze\u015bnia 1946 roku pw. Macierzy\u0144stwa Naj\u015bwi\u0119tszej Maryi Panny, przy\u0142\u0105czaj\u0105c go do dekanatu w Goleniowie i parafii w Mostach. W 1947 roku rozebrano poszycie dzwonnicy. W roku 1960 wie\u017ca zosta\u0142a uszkodzona przez burz\u0119 i w roku 1964 rozebrana. W zamian na cmentarzu przyko\u015bcielnym wybudowano betonow\u0105 dzwonnic\u0119, na kt\u00f3rej znajduj\u0105 si\u0119 dwa nowe dzwony. Dzi\u015b ko\u015bci\u00f3\u0142 jest fili\u0105 parafii pw. Matki Bo\u017cej Cz\u0119stochowskiej w Maszewie.<\/p>\n\n\n\n<figure class=\"wp-block-image size-large\"><a href=\"http:\/\/historia-zachodniopomorskie.pl\/wp-content\/uploads\/2026\/04\/23.jpg\"><img loading=\"lazy\" decoding=\"async\" width=\"1024\" height=\"634\" src=\"http:\/\/historia-zachodniopomorskie.pl\/wp-content\/uploads\/2026\/04\/23-1024x634.jpg\" alt=\"\" class=\"wp-image-5754\" srcset=\"http:\/\/historia-zachodniopomorskie.pl\/wp-content\/uploads\/2026\/04\/23-1024x634.jpg 1024w, http:\/\/historia-zachodniopomorskie.pl\/wp-content\/uploads\/2026\/04\/23-300x186.jpg 300w, http:\/\/historia-zachodniopomorskie.pl\/wp-content\/uploads\/2026\/04\/23-768x476.jpg 768w, http:\/\/historia-zachodniopomorskie.pl\/wp-content\/uploads\/2026\/04\/23-1536x952.jpg 1536w, http:\/\/historia-zachodniopomorskie.pl\/wp-content\/uploads\/2026\/04\/23-1200x744.jpg 1200w, http:\/\/historia-zachodniopomorskie.pl\/wp-content\/uploads\/2026\/04\/23.jpg 1664w\" sizes=\"(max-width: 709px) 85vw, (max-width: 909px) 67vw, (max-width: 1362px) 62vw, 840px\" \/><\/a><\/figure>\n\n\n\n<p><em>fot. Ko\u015bci\u00f3\u0142 w roku 1910. Widok\u00f3wka z kolekcji Wojciech Janda<\/em><\/p>\n\n\n\n<p>Ko\u015bci\u00f3\u0142 to budowla z kamienia polnego w stylu p\u00f3\u017anogotyckim z ceg\u0142ami w naro\u017cnikach budowli. Obramienia portali i okien r\u00f3wnie\u017c wykonane z cegie\u0142. Jest to ko\u015bci\u00f3\u0142 salowy, prostok\u0105tny, z zakrysti\u0105 na p\u00f3\u0142nocnej \u015bcianie ko\u015bcio\u0142a. Wn\u0119trze ko\u015bcio\u0142a jest otynkowane, nakryte stropem belkowym z XVII wieku. Ca\u0142y ko\u015bci\u00f3\u0142 pokryty dach\u00f3wk\u0105 cementow\u0105. Do wn\u0119trza prowadzi ostro\u0142ukowy portal zachodni. Portal po\u0142udniowy zosta\u0142 zamurowany w 1964 roku. Portal po\u0142udniowy by\u0142 wykonany z cegie\u0142 o nietypowym wymiarze, na co zwraca uwag\u0119 Hugo Lemcke: 9x13x26.<\/p>\n\n\n\n<p>&nbsp;Zachowa\u0142y si\u0119 XIX-wieczne \u0142awki i wsparta na kolumnach drewniana empora.<\/p>\n\n\n\n<p>Wed\u0142ug spisu inwentarza ko\u015bcio\u0142a z 1910 roku w ko\u015bciele znajdowa\u0142o si\u0119:<\/p>\n\n\n\n<p>&#8211; Chrzcielnica z granitu o wysoko\u015bci 50 cm i \u015brednicy 80 cm, wykonana w stylu roma\u0144skim, pochodz\u0105ca z XIII wieku. Znajdowa\u0142a si\u0119 ona na cmentarzu przyko\u015bcielnym, gdzie znajduje si\u0119 do dzi\u015b.<\/p>\n\n\n\n<figure class=\"wp-block-image size-large\"><a href=\"http:\/\/historia-zachodniopomorskie.pl\/wp-content\/uploads\/2026\/04\/DSC00004-scaled.jpg\"><img loading=\"lazy\" decoding=\"async\" width=\"576\" height=\"1024\" src=\"http:\/\/historia-zachodniopomorskie.pl\/wp-content\/uploads\/2026\/04\/DSC00004-576x1024.jpg\" alt=\"\" class=\"wp-image-5755\" srcset=\"http:\/\/historia-zachodniopomorskie.pl\/wp-content\/uploads\/2026\/04\/DSC00004-576x1024.jpg 576w, http:\/\/historia-zachodniopomorskie.pl\/wp-content\/uploads\/2026\/04\/DSC00004-169x300.jpg 169w, http:\/\/historia-zachodniopomorskie.pl\/wp-content\/uploads\/2026\/04\/DSC00004-768x1366.jpg 768w, http:\/\/historia-zachodniopomorskie.pl\/wp-content\/uploads\/2026\/04\/DSC00004-863x1536.jpg 863w, http:\/\/historia-zachodniopomorskie.pl\/wp-content\/uploads\/2026\/04\/DSC00004-1151x2048.jpg 1151w, http:\/\/historia-zachodniopomorskie.pl\/wp-content\/uploads\/2026\/04\/DSC00004-1200x2135.jpg 1200w, http:\/\/historia-zachodniopomorskie.pl\/wp-content\/uploads\/2026\/04\/DSC00004-scaled.jpg 1439w\" sizes=\"(max-width: 576px) 85vw, 576px\" \/><\/a><\/figure>\n\n\n\n<p><em>fot. Chrzcielnica, zdj\u0119cie Wojciech Janda<\/em><\/p>\n\n\n\n<p>&#8211; podwieszany anio\u0142 chrzcielny, rze\u017abiony w drewnie,<\/p>\n\n\n\n<p>&#8211; O\u0142tarz i ambona, po\u0142\u0105czone ze sob\u0105, o skromnej snycerce z ko\u0144ca XVIII wieku. Ozdobione by\u0142y pojedynczymi, mierz\u0105cymi 26 cm wysoko\u015bci rze\u017abionymi figurami, kt\u00f3re pochodzi\u0142y z \u015bredniowiecznej nastawy o\u0142tarzowej<\/p>\n\n\n\n<p>&#8211; epitafium rze\u017abione w drewnie i polichromowane o wysoko\u015bci 2,5 m. W centrum epitafium znajdowa\u0142y si\u0119 portrety popiersi ma\u0142\u017ce\u0144stwa, otoczone 14 popiersiami dzieci. Ca\u0142o\u015b\u0107 umieszczona w bogato zdobionej ramie z inskrypcj\u0105. Znajdowa\u0142 si\u0119 tam r\u00f3wnie\u017c herb &nbsp;baron\u00f3w von Greiffenpfeil, kt\u00f3rych dotyczy\u0142o epitafium. Ca\u0142o\u015b\u0107 pochodzi\u0142a z XVIII wieku.<\/p>\n\n\n\n<figure class=\"wp-block-image size-full\"><a href=\"http:\/\/historia-zachodniopomorskie.pl\/wp-content\/uploads\/2026\/04\/Greifenpfeil-Wappen-OeStA.jpg\"><img loading=\"lazy\" decoding=\"async\" width=\"768\" height=\"497\" src=\"http:\/\/historia-zachodniopomorskie.pl\/wp-content\/uploads\/2026\/04\/Greifenpfeil-Wappen-OeStA.jpg\" alt=\"\" class=\"wp-image-5760\" srcset=\"http:\/\/historia-zachodniopomorskie.pl\/wp-content\/uploads\/2026\/04\/Greifenpfeil-Wappen-OeStA.jpg 768w, http:\/\/historia-zachodniopomorskie.pl\/wp-content\/uploads\/2026\/04\/Greifenpfeil-Wappen-OeStA-300x194.jpg 300w\" sizes=\"(max-width: 709px) 85vw, (max-width: 909px) 67vw, (max-width: 984px) 61vw, (max-width: 1362px) 45vw, 600px\" \/><\/a><\/figure>\n\n\n\n<p><em>fot. Herb baron\u00f3w von Greiffenpfeil<\/em><\/p>\n\n\n\n<p>&#8211; misa chrzcielna ufundowana w 1676 roku. Wykonana by\u0142a z cyny, o \u015brednicy 50,5 cm. By\u0142a to g\u0142adka misa z p\u0142askim brzegiem.<\/p>\n\n\n\n<p>Niestety w\/w wyposa\u017cenie opr\u00f3cz chrzcielnicy nie przetrwa\u0142o do dzisiejszych czas\u00f3w.<\/p>\n\n\n\n<figure class=\"wp-block-image size-large\"><a href=\"http:\/\/historia-zachodniopomorskie.pl\/wp-content\/uploads\/2026\/04\/DSC00420-scaled.jpg\"><img loading=\"lazy\" decoding=\"async\" width=\"1024\" height=\"768\" src=\"http:\/\/historia-zachodniopomorskie.pl\/wp-content\/uploads\/2026\/04\/DSC00420-1024x768.jpg\" alt=\"\" class=\"wp-image-5758\" srcset=\"http:\/\/historia-zachodniopomorskie.pl\/wp-content\/uploads\/2026\/04\/DSC00420-1024x768.jpg 1024w, http:\/\/historia-zachodniopomorskie.pl\/wp-content\/uploads\/2026\/04\/DSC00420-300x225.jpg 300w, http:\/\/historia-zachodniopomorskie.pl\/wp-content\/uploads\/2026\/04\/DSC00420-768x576.jpg 768w, http:\/\/historia-zachodniopomorskie.pl\/wp-content\/uploads\/2026\/04\/DSC00420-1536x1152.jpg 1536w, http:\/\/historia-zachodniopomorskie.pl\/wp-content\/uploads\/2026\/04\/DSC00420-2048x1536.jpg 2048w, http:\/\/historia-zachodniopomorskie.pl\/wp-content\/uploads\/2026\/04\/DSC00420-1200x900.jpg 1200w\" sizes=\"(max-width: 709px) 85vw, (max-width: 909px) 67vw, (max-width: 1362px) 62vw, 840px\" \/><\/a><\/figure>\n\n\n\n<figure class=\"wp-block-image size-large\"><img loading=\"lazy\" decoding=\"async\" width=\"1024\" height=\"768\" src=\"http:\/\/historia-zachodniopomorskie.pl\/wp-content\/uploads\/2026\/04\/DSC00417-1024x768.jpg\" alt=\"\" class=\"wp-image-5756\" srcset=\"http:\/\/historia-zachodniopomorskie.pl\/wp-content\/uploads\/2026\/04\/DSC00417-1024x768.jpg 1024w, http:\/\/historia-zachodniopomorskie.pl\/wp-content\/uploads\/2026\/04\/DSC00417-300x225.jpg 300w, http:\/\/historia-zachodniopomorskie.pl\/wp-content\/uploads\/2026\/04\/DSC00417-768x576.jpg 768w, http:\/\/historia-zachodniopomorskie.pl\/wp-content\/uploads\/2026\/04\/DSC00417-1536x1152.jpg 1536w, http:\/\/historia-zachodniopomorskie.pl\/wp-content\/uploads\/2026\/04\/DSC00417-2048x1536.jpg 2048w, http:\/\/historia-zachodniopomorskie.pl\/wp-content\/uploads\/2026\/04\/DSC00417-1200x900.jpg 1200w\" sizes=\"(max-width: 709px) 85vw, (max-width: 909px) 67vw, (max-width: 1362px) 62vw, 840px\" \/><\/figure>\n\n\n\n<p><em>fot. Dzwonnica i dzwon. Zdj\u0119cie Beata Poli\u0144ska<\/em><\/p>\n\n\n\n<p><\/p>\n","protected":false},"excerpt":{"rendered":"<p>Ko\u015bci\u00f3\u0142 posiada \u015bredniowieczn\u0105 metryk\u0119. Wymieniany jest po raz pierwszy w roku 1338, kiedy to biskup kamie\u0144ski Fryderyk, pozwoli\u0142 miejscowemu proboszczowi na roczne funkcjonowanie bractwa kalandowego czyli stowarzyszenia religijnego. Kolejne pozwolenia dla proboszcza wyda\u0142 w 1345 roku biskup kamie\u0144ski Johan. Najprawdopodobniej na pocz\u0105tku by\u0142 to ko\u015bci\u00f3\u0142 chrze\u015bcija\u0144ski. fot. Ko\u015bci\u00f3\u0142 w Budzieszowcach. Zdj\u0119cie Beata Poli\u0144ska<\/p>\n","protected":false},"author":2,"featured_media":0,"comment_status":"open","ping_status":"open","sticky":false,"template":"","format":"standard","meta":{"footnotes":""},"categories":[5,9,2],"tags":[],"class_list":["post-5751","post","type-post","status-publish","format-standard","hentry","category-gmina-maszewo","category-koscioly","category-powiat-goleniowski"],"_links":{"self":[{"href":"http:\/\/historia-zachodniopomorskie.pl\/index.php?rest_route=\/wp\/v2\/posts\/5751"}],"collection":[{"href":"http:\/\/historia-zachodniopomorskie.pl\/index.php?rest_route=\/wp\/v2\/posts"}],"about":[{"href":"http:\/\/historia-zachodniopomorskie.pl\/index.php?rest_route=\/wp\/v2\/types\/post"}],"author":[{"embeddable":true,"href":"http:\/\/historia-zachodniopomorskie.pl\/index.php?rest_route=\/wp\/v2\/users\/2"}],"replies":[{"embeddable":true,"href":"http:\/\/historia-zachodniopomorskie.pl\/index.php?rest_route=%2Fwp%2Fv2%2Fcomments&post=5751"}],"version-history":[{"count":13,"href":"http:\/\/historia-zachodniopomorskie.pl\/index.php?rest_route=\/wp\/v2\/posts\/5751\/revisions"}],"predecessor-version":[{"id":5788,"href":"http:\/\/historia-zachodniopomorskie.pl\/index.php?rest_route=\/wp\/v2\/posts\/5751\/revisions\/5788"}],"wp:attachment":[{"href":"http:\/\/historia-zachodniopomorskie.pl\/index.php?rest_route=%2Fwp%2Fv2%2Fmedia&parent=5751"}],"wp:term":[{"taxonomy":"category","embeddable":true,"href":"http:\/\/historia-zachodniopomorskie.pl\/index.php?rest_route=%2Fwp%2Fv2%2Fcategories&post=5751"},{"taxonomy":"post_tag","embeddable":true,"href":"http:\/\/historia-zachodniopomorskie.pl\/index.php?rest_route=%2Fwp%2Fv2%2Ftags&post=5751"}],"curies":[{"name":"wp","href":"https:\/\/api.w.org\/{rel}","templated":true}]}}