{"id":5736,"date":"2026-04-22T14:18:43","date_gmt":"2026-04-22T14:18:43","guid":{"rendered":"http:\/\/historia-zachodniopomorskie.pl\/?p=5736"},"modified":"2026-04-22T14:18:43","modified_gmt":"2026-04-22T14:18:43","slug":"ronica-do-1945-ronz","status":"publish","type":"post","link":"http:\/\/historia-zachodniopomorskie.pl\/?p=5736","title":{"rendered":"Ronica \u2013 (do 1945 R\u00f6nz)"},"content":{"rendered":"\n<p>Ronica \u2013 (do 1945 R\u00f6nz)<\/p>\n\n\n\n<p>Osada le\u017c\u0105ca ko\u0142o wsi K\u0142eby, nale\u017c\u0105ca do gminy Golczewo. Przed 1945 rokiem, administracyjnie nale\u017ca\u0142a do wsi K\u0142\u0119by. Pierwsza wzmianka o osadzie i dworze tam istniej\u0105cym pochodzi z 1586 roku, kiedy to pojawia si\u0119 informacja, i\u017c oko\u0142o roku 1500 dw\u00f3r w R\u00f6nz, zosta\u0142 oddany w zastaw przez biskupa kamie\u0144skiego, przedstawicielowi rodu von Flemming. Do 1585 roku Ronice nale\u017ca\u0142y do Aegidiusa von Flemming, kt\u00f3ry zmar\u0142 w tym samym roku, nie pozostawiaj\u0105c m\u0119skiego potomstwa.<\/p>\n\n\n\n<figure class=\"wp-block-image size-large\"><a href=\"http:\/\/historia-zachodniopomorskie.pl\/wp-content\/uploads\/2026\/04\/Zespol_dworsko-folwarczny_Ronz_1972520_Fotopolska-Eu-1925.jpg\"><img fetchpriority=\"high\" decoding=\"async\" width=\"1024\" height=\"632\" src=\"http:\/\/historia-zachodniopomorskie.pl\/wp-content\/uploads\/2026\/04\/Zespol_dworsko-folwarczny_Ronz_1972520_Fotopolska-Eu-1925-1024x632.jpg\" alt=\"\" class=\"wp-image-5743\" srcset=\"http:\/\/historia-zachodniopomorskie.pl\/wp-content\/uploads\/2026\/04\/Zespol_dworsko-folwarczny_Ronz_1972520_Fotopolska-Eu-1925-1024x632.jpg 1024w, http:\/\/historia-zachodniopomorskie.pl\/wp-content\/uploads\/2026\/04\/Zespol_dworsko-folwarczny_Ronz_1972520_Fotopolska-Eu-1925-300x185.jpg 300w, http:\/\/historia-zachodniopomorskie.pl\/wp-content\/uploads\/2026\/04\/Zespol_dworsko-folwarczny_Ronz_1972520_Fotopolska-Eu-1925-768x474.jpg 768w, http:\/\/historia-zachodniopomorskie.pl\/wp-content\/uploads\/2026\/04\/Zespol_dworsko-folwarczny_Ronz_1972520_Fotopolska-Eu-1925-1536x948.jpg 1536w, http:\/\/historia-zachodniopomorskie.pl\/wp-content\/uploads\/2026\/04\/Zespol_dworsko-folwarczny_Ronz_1972520_Fotopolska-Eu-1925-1200x740.jpg 1200w, http:\/\/historia-zachodniopomorskie.pl\/wp-content\/uploads\/2026\/04\/Zespol_dworsko-folwarczny_Ronz_1972520_Fotopolska-Eu-1925.jpg 1611w\" sizes=\"(max-width: 709px) 85vw, (max-width: 909px) 67vw, (max-width: 1362px) 62vw, 840px\" \/><\/a><\/figure>\n\n\n\n<p><em>fot. Dw\u00f3r w Ronicy &#8211; zdj\u0119cie z portalu fotopolska.eu<\/em><\/p>\n\n\n\n<!--more-->\n\n\n\n<p>W wyniku podzia\u0142u maj\u0105tku mi\u0119dzy bratank\u00f3w i spadkobierc\u00f3w lennych, syn\u00f3w wcze\u015bniej zmar\u0142ego brata J\u00fcrgena von Flemming, Ronica przypad\u0142a trzeciemu z braci, Kurdowi von Flemming. Po \u015bmierci Kurda w 1620 roku, spadkobiercami zostali synowie jego brata: Hasso Adam i Ewald Joachim, z kt\u00f3rych ten pierwszy otrzyma\u0142 Ronice przy podziale maj\u0105tku w 1630 roku. W 1663 roku zmar\u0142 Hasso Adam, a w podziale spadku z dnia 20 sierpnia 1664 roku, Ronica wraz z ch\u0142opami i zagrodnikami z Batzlaff (Baczys\u0142aw), Kretlow (Kretlewo) i Wietstock (Wysoka Kamie\u0144ska), przypad\u0142o jego m\u0142odszemu synowi, Eustachiusowi Karlowi von Flemming.<\/p>\n\n\n\n<p>W dniu 30 marca 1672 roku umiera Eustachiusz Karl, pozostawiaj\u0105c jedynie c\u00f3rk\u0119, w wyniku czego maj\u0105tek przeszed\u0142 na starszego brata Kurda Juliusa von Flemming, kt\u00f3ry w roku 1677 zapisa\u0142 go swoim synom. Synowie i ich matka porozumieli si\u0119 mi\u0119dzy sob\u0105 i w dniu 30 kwietnia 1688 roku maj\u0105tek wraz z przynale\u017cno\u015bciami otrzyma\u0142 najm\u0142odszy brat Franz Julius von Flemming. On za\u015b wed\u0142ug dokumentacji z 13 i 14 listopada 1693 roku, odst\u0105pi\u0142 maj\u0105tek najstarszemu bratu Adamowi, w zamian za Matzdorf (Maciejewo) z przynale\u017cno\u015bciami.<\/p>\n\n\n\n<figure class=\"wp-block-image size-full\"><a href=\"http:\/\/historia-zachodniopomorskie.pl\/wp-content\/uploads\/2026\/04\/Zespol_dworsko-folwarczny_Ronz_2448616_Fotopolska-Eu-1901.jpg\"><img decoding=\"async\" width=\"700\" height=\"451\" src=\"http:\/\/historia-zachodniopomorskie.pl\/wp-content\/uploads\/2026\/04\/Zespol_dworsko-folwarczny_Ronz_2448616_Fotopolska-Eu-1901.jpg\" alt=\"\" class=\"wp-image-5744\" srcset=\"http:\/\/historia-zachodniopomorskie.pl\/wp-content\/uploads\/2026\/04\/Zespol_dworsko-folwarczny_Ronz_2448616_Fotopolska-Eu-1901.jpg 700w, http:\/\/historia-zachodniopomorskie.pl\/wp-content\/uploads\/2026\/04\/Zespol_dworsko-folwarczny_Ronz_2448616_Fotopolska-Eu-1901-300x193.jpg 300w\" sizes=\"(max-width: 709px) 85vw, (max-width: 909px) 67vw, (max-width: 984px) 61vw, (max-width: 1362px) 45vw, 600px\" \/><\/a><\/figure>\n\n\n\n<p><em>fot. Dw\u00f3r w Ronicy &#8211; zdj\u0119cie z portalu fotopolska.eu<\/em><\/p>\n\n\n\n<p>Adam von Flemming po\u015bwi\u0119ci\u0142 si\u0119 niemal ca\u0142kowicie zarz\u0105dzaniu swoimi dobrami ziemskimi, kt\u00f3re wed\u0142ug rejestru lennego z 1699 roku obejmowa\u0142y: maj\u0105tek rycerski w Ronicy wraz z przynale\u017cnymi 7 ch\u0142opami, 3 zagrodnikami i \u00bc udzia\u0142u wiatraka w Baczys\u0142awiu, 1 ch\u0142opem w Kretlewie oraz jednym zagrodnikiem w Wysokiej Kamie\u0144skiej. W Ronicy, kt\u00f3ra by\u0142a jego g\u0142\u00f3wn\u0105 siedzib\u0105, zbudowa\u0142 w roku 1695 nowy dw\u00f3r kt\u00f3ry sta\u0142 do 1866 roku. Zleci\u0142 r\u00f3wnie\u017c zamian\u0119 przynale\u017cno\u015bci parafialnej. Dotychczas Ronica nale\u017ca\u0142a do parafii w B\u00f6ck (Buk), a zosta\u0142a przeniesiona do parafii w Baumgarten (W\u0142odzis\u0142aw). Za jego czas\u00f3w zako\u0144czono r\u00f3wnie\u017c d\u0142ugotrwa\u0142y sp\u00f3r o lasy ronickie, tzw. (R\u00f6nzer Berg) Ronick\u0105 G\u00f3r\u0119, toczony mi\u0119dzy liniami Flemming\u00f3w ze Schwirsen (\u015awierzno) i Maciejewa. Ju\u017c w 1657 Richard von Flemming z linii \u015bwierze\u0144skiej wysun\u0105\u0142 wobec kuzyna Hasso Adama z linii Maciejewskiej roszczenie do wsp\u00f3\u0142w\u0142asno\u015bci jednej trzeciej tych las\u00f3w. Sp\u00f3r za\u017cegnano 12 kwietnia 1697 roku.<\/p>\n\n\n\n<p>Adam von Flemming zmar\u0142 bez\u017cennie w roku 1717. Jego dwaj bracia Kurd i Franz Julius porozumieli si\u0119 17 czerwca 1718 roku co do wsp\u00f3lnego zarz\u0105dzania maj\u0105tkiem w Ronicy, w ten spos\u00f3b \u017ce te drugi mia\u0142 ca\u0142y maj\u0105tek wydzier\u017cawi\u0107 na rok za 800 talar\u00f3w i wyp\u0142aci\u0107 po\u0142ow\u0119 tej sumy pierwszemu. W dniu 22 listopada 1718 obaj bracia dokonali podzia\u0142u ca\u0142ego maj\u0105tku po Adamie oraz zmar\u0142ym w tym samym roku Martinie Friedrichu von Flemming i&nbsp; Ronice przypad\u0142y Kurdowi von Flemming. Ten za\u015b po kilku latach przekaza\u0142 je wraz z Kl\u00f6tzin (K\u0142odzino) swojemu synowi Kurdowi Gebhardtowi von Flemming. On za\u015b w dniu 4 kwietnia 1735, przekaza\u0142 maj\u0105tek synowi Karlowi Friedrichowi von Flemming. Do 1743 roku Karl Friedrich mieszka\u0142 w Ronicy, a p\u00f3\u017aniej przeni\u00f3s\u0142 si\u0119 do Greifenbergu (Gryfice). Karl Friedrich zmar\u0142 20 pa\u017adziernika 1789 roku. W 1780 roku obok folwarku znajdowa\u0142a si\u0119 owczarnia i 6 dom\u00f3w.<\/p>\n\n\n\n<p>Na mocy testamentu oraz ugody spadkowej z dnia 16 czerwca 1794 roku, Ronice z przynale\u017cno\u015bciami w Baczys\u0142awiu i jednym zastawionym ch\u0142opem w Kretlewie, przypad\u0142o starszemu synowi Ferdinandowi Ludwigowi Wilhelmowi von Flemming. W roku 1801 Ferdinand og\u0142osi\u0142 upad\u0142o\u015b\u0107 maj\u0105tkow\u0105 i jego kuzyn Julius Friedrich Wilhelm z linii bukowskiej naby\u0142 maj\u0105tek na mocy umowy z 14 kwietnia 1804 roku. Julius Friedrich pocz\u0105tkowo osadzi\u0142 w maj\u0105tku dzier\u017cawc\u0119 Ernsta Gaulkego. Lecz ju\u017c 8 listopada 1815 roku przekaza\u0142 maj\u0105tek za kwot\u0119 12000 talar\u00f3w swojemu synowi Karlowi Heinrichowi Antonowi, kt\u00f3ry z kolei w roku 1817 odst\u0105pi\u0142 go starszemu bratu Juliusowi Friedrichowi Gottlobowi za 14600 talar\u00f3w i 20 z\u0142otych fryderyk\u00f3w. On za\u015b w dniu 28 kwietnia 1818 roku za 17000 talar\u00f3w Johanowi Heinrichowi K\u00f6pke. Od wdowy po K\u00f6pke maj\u0105tek naby\u0142 w 1832 roku K. O. Plathe.<\/p>\n\n\n\n<p>Ten\u017ce zamierza\u0142 w roku 1854 doprowadzi\u0107 do pe\u0142nej alodyfikacji (przekszta\u0142cenia w\u0142asno\u015bci lennej w pe\u0142n\u0105 w\u0142asno\u015b\u0107 prywatn\u0105). Po tym, jak w imieniu linii Flemming\u00f3w z Martenthin (Mierz\u0119cin) hrabia rzeszy Karl Ludwig Adolf Friedrich zrzek\u0142 si\u0119 14 listopada 1854 roku swoich praw lennych w zamian za zap\u0142at\u0119 300 talar\u00f3w, Plathe wezwa\u0142 s\u0105downie 22 grudnia 1854 roku wszystkich pozosta\u0142ych agnat\u00f3w (m\u0119skich potomk\u00f3w rodu) do zg\u0142aszania swoich roszcze\u0144. Wyrokiem z 22 maja 1855 roku nast\u0105pi\u0142o wykluczenie wszystkich agnat\u00f3w z wyj\u0105tkiem dw\u00f3ch braci: Kurda Gebharda Karla Friedricha oraz Felixa Piusa Karla Friedricha, kt\u00f3rzy w terminie zg\u0142osili swoje prawa. W zwi\u0105zku z tym K. O. Plathe poczu\u0142 si\u0119 zmuszony, by na mocy umowy z 20 sierpnia 1855 roku odst\u0105pi\u0107 obu braciom lenno Ronice wraz ze wszystkimi przynale\u017cno\u015bciami i prawami po cenie szacunkowej. 25 marca 1856 roku nast\u0105pi\u0142o przekazanie maj\u0105tku Kurdowi Gebhardowi Karlowi Friedrichowi von Flemming, kt\u00f3remu m\u0142odszy brat ju\u017c 20 lutego 1856 roku odst\u0105pi\u0142 wszystkie swoje prawa do Ronic. Karl, kt\u00f3ry przy przejmowaniu d\u00f3br zrezygnowa\u0142 z posady referendarza rz\u0105dowego, do ko\u0144ca swojego \u017cycia mieszka\u0142 w Ro\u0144sku wraz z matk\u0105 (\u2020 1877) i siostrami. W 1866 roku wybudowa\u0142 tam nowy dw\u00f3r w miejsce starego, wzniesionego w 1695 roku przez Adama von Flemming.<\/p>\n\n\n\n<figure class=\"wp-block-image size-large\"><a href=\"http:\/\/historia-zachodniopomorskie.pl\/wp-content\/uploads\/2026\/04\/0218-\u2014-kopia.jpg\"><img decoding=\"async\" width=\"1024\" height=\"635\" src=\"http:\/\/historia-zachodniopomorskie.pl\/wp-content\/uploads\/2026\/04\/0218-\u2014-kopia-1024x635.jpg\" alt=\"\" class=\"wp-image-5739\" srcset=\"http:\/\/historia-zachodniopomorskie.pl\/wp-content\/uploads\/2026\/04\/0218-\u2014-kopia-1024x635.jpg 1024w, http:\/\/historia-zachodniopomorskie.pl\/wp-content\/uploads\/2026\/04\/0218-\u2014-kopia-300x186.jpg 300w, http:\/\/historia-zachodniopomorskie.pl\/wp-content\/uploads\/2026\/04\/0218-\u2014-kopia-768x476.jpg 768w, http:\/\/historia-zachodniopomorskie.pl\/wp-content\/uploads\/2026\/04\/0218-\u2014-kopia-1536x952.jpg 1536w, http:\/\/historia-zachodniopomorskie.pl\/wp-content\/uploads\/2026\/04\/0218-\u2014-kopia-1200x744.jpg 1200w, http:\/\/historia-zachodniopomorskie.pl\/wp-content\/uploads\/2026\/04\/0218-\u2014-kopia.jpg 1586w\" sizes=\"(max-width: 709px) 85vw, (max-width: 909px) 67vw, (max-width: 1362px) 62vw, 840px\" \/><\/a><\/figure>\n\n\n\n<figure class=\"wp-block-image size-large\"><a href=\"http:\/\/historia-zachodniopomorskie.pl\/wp-content\/uploads\/2026\/04\/0218.jpg\"><img loading=\"lazy\" decoding=\"async\" width=\"1024\" height=\"744\" src=\"http:\/\/historia-zachodniopomorskie.pl\/wp-content\/uploads\/2026\/04\/0218-1024x744.jpg\" alt=\"\" class=\"wp-image-5740\" srcset=\"http:\/\/historia-zachodniopomorskie.pl\/wp-content\/uploads\/2026\/04\/0218-1024x744.jpg 1024w, http:\/\/historia-zachodniopomorskie.pl\/wp-content\/uploads\/2026\/04\/0218-300x218.jpg 300w, http:\/\/historia-zachodniopomorskie.pl\/wp-content\/uploads\/2026\/04\/0218-768x558.jpg 768w, http:\/\/historia-zachodniopomorskie.pl\/wp-content\/uploads\/2026\/04\/0218-1536x1116.jpg 1536w, http:\/\/historia-zachodniopomorskie.pl\/wp-content\/uploads\/2026\/04\/0218-1200x872.jpg 1200w, http:\/\/historia-zachodniopomorskie.pl\/wp-content\/uploads\/2026\/04\/0218.jpg 1542w\" sizes=\"(max-width: 709px) 85vw, (max-width: 909px) 67vw, (max-width: 1362px) 62vw, 840px\" \/><\/a><\/figure>\n\n\n\n<p><em>fot. Stary i nowy dw\u00f3r. U g\u00f3ry ten wybudowany w 1695 roku, a poni\u017cej nowy z roku 1866. S\u0105 to rysunki panny Hedwig von Flemming, zmar\u0142ej w 1892, obrazy znajdowa\u0142y si\u0119 w dworze.<\/em> <em>Zdj\u0119cia ze zbior\u00f3w Wojciech Janda <\/em><\/p>\n\n\n\n<p>Po jego \u015bmierci 17 lutego 1884 roku, brat Felix Pius von Flemming naby\u0142 maj\u0105tek Ronice od trzech si\u00f3str. W 1894 roku Felix przeni\u00f3s\u0142 si\u0119 z Dorphagen (Mechowo), gdzie mieszka\u0142 od 1872 roku do Ronic i zmar\u0142 tam 8 marca 1895 roku. Zosta\u0142 pochowany w Ronicy na nowo urz\u0105dzonym miejscu poch\u00f3wku w pobli\u017cu grob\u00f3w rodziny K\u00f6pke.<\/p>\n\n\n\n<p>Jego wdowa oraz syn Hans sprzedali Ronice w 1900 roku (z wy\u0142\u0105czeniem cmentarza) Friedrichowi von der Marwitz, zi\u0119ciowi hrabiego Hasso von Flemming. Na mocy umowy z 15 kwietnia 1903 roku Ronice przesz\u0142y nast\u0119pnie w r\u0119ce pana Emila Kunerta, kt\u00f3ry 1 lipca 1908 roku sprzeda\u0142 je panu Schulz-Succo. . W 1928 roku w\u0142a\u015bcicielem d\u00f3br by\u0142 Theodor von Wentzel a maj\u0105tek dzier\u017cawi\u0142 G\u00fcnther von Sydow. Dobra liczy\u0142y 255 ha grunt\u00f3w.<\/p>\n\n\n\n<p>W roku 1892 w maj\u0105tku trzymano 12 koni. W 1914 roku wg spisu maj\u0105tek posiada\u0142 227 ha grunt\u00f3w ornych, 17 ha \u0142\u0105k, 5 ha pastwisk, 10 ha las\u00f3w i 0,5 ha w\u00f3d. W tym\u017ce roku w hodowli znajdowa\u0142o si\u0119 ju\u017c 20 koni, a 1939, 23 konie. Do ko\u0144ca XIX wieku w hodowli folwarcznej dominowa\u0142y owce, kt\u00f3rych w 1892 roku by\u0142o 400 sztuk. W kolejnych latach hodowl\u0119 owiec zlikwidowano i zacz\u0119to hodowa\u0107 byd\u0142o i trzod\u0119 chlewn\u0105.<\/p>\n\n\n\n<figure class=\"wp-block-image size-large\"><a href=\"http:\/\/historia-zachodniopomorskie.pl\/wp-content\/uploads\/2026\/04\/0021-scaled.jpg\"><img loading=\"lazy\" decoding=\"async\" width=\"1024\" height=\"733\" src=\"http:\/\/historia-zachodniopomorskie.pl\/wp-content\/uploads\/2026\/04\/0021-1024x733.jpg\" alt=\"\" class=\"wp-image-5745\" srcset=\"http:\/\/historia-zachodniopomorskie.pl\/wp-content\/uploads\/2026\/04\/0021-1024x733.jpg 1024w, http:\/\/historia-zachodniopomorskie.pl\/wp-content\/uploads\/2026\/04\/0021-300x215.jpg 300w, http:\/\/historia-zachodniopomorskie.pl\/wp-content\/uploads\/2026\/04\/0021-768x549.jpg 768w, http:\/\/historia-zachodniopomorskie.pl\/wp-content\/uploads\/2026\/04\/0021-1536x1099.jpg 1536w, http:\/\/historia-zachodniopomorskie.pl\/wp-content\/uploads\/2026\/04\/0021-2048x1465.jpg 2048w, http:\/\/historia-zachodniopomorskie.pl\/wp-content\/uploads\/2026\/04\/0021-1200x859.jpg 1200w\" sizes=\"(max-width: 709px) 85vw, (max-width: 909px) 67vw, (max-width: 1362px) 62vw, 840px\" \/><\/a><\/figure>\n\n\n\n<p><em>fot. Pozosta\u0142o\u015bci dworu w roku 1975. Zdj\u0119cie z O\u015brodka Dokumentacji Zabytk\u00f3w w Warszawie<\/em><\/p>\n\n\n\n<p>Dw\u00f3r w Ronicy zosta\u0142 zbudowany w 1866 roku w miejscu starszego, zbudowanego w roku 1695 dwukondygnacyjnego budynku ryglowego z dachem czterospadowym krytym s\u0142om\u0105. Na budynku stajni znajdowa\u0142a si\u0119 chor\u0105giewka pogodowa z kogutem i gwiazd\u0105, a na chor\u0105giewce znajdowa\u0142 si\u0119 napis \u201ev. F. 1853\u201d.<\/p>\n\n\n\n<p>Po przej\u0119ciu tych ziem przez Rzeczpospolit\u0105, po 1945 roku utworzono w maj\u0105tku PGR. PGR w Ronicy nale\u017ca\u0142 do Kombinatu Pa\u0144stwowych Gospodarstw Rolnych w Golczewie. Pierwotny uk\u0142ad folwarku nie zachowa\u0142 si\u0119. Wi\u0119kszo\u015b\u0107 budynk\u00f3w wraz z dworem zosta\u0142a rozebrana w latach 50-tych i 60-tych XX wieku.<\/p>\n\n\n\n<p>W roku 2021 w Ronicy mieszka\u0142o 81 os\u00f3b.<\/p>\n\n\n\n<figure class=\"wp-block-image size-large\"><a href=\"http:\/\/historia-zachodniopomorskie.pl\/wp-content\/uploads\/2026\/04\/2155_Guelzow_1941_uniberk_C057608263-1.jpg\"><img loading=\"lazy\" decoding=\"async\" width=\"1024\" height=\"506\" src=\"http:\/\/historia-zachodniopomorskie.pl\/wp-content\/uploads\/2026\/04\/2155_Guelzow_1941_uniberk_C057608263-1-1024x506.jpg\" alt=\"\" class=\"wp-image-5741\" srcset=\"http:\/\/historia-zachodniopomorskie.pl\/wp-content\/uploads\/2026\/04\/2155_Guelzow_1941_uniberk_C057608263-1-1024x506.jpg 1024w, http:\/\/historia-zachodniopomorskie.pl\/wp-content\/uploads\/2026\/04\/2155_Guelzow_1941_uniberk_C057608263-1-300x148.jpg 300w, http:\/\/historia-zachodniopomorskie.pl\/wp-content\/uploads\/2026\/04\/2155_Guelzow_1941_uniberk_C057608263-1-768x379.jpg 768w, http:\/\/historia-zachodniopomorskie.pl\/wp-content\/uploads\/2026\/04\/2155_Guelzow_1941_uniberk_C057608263-1-1536x758.jpg 1536w, http:\/\/historia-zachodniopomorskie.pl\/wp-content\/uploads\/2026\/04\/2155_Guelzow_1941_uniberk_C057608263-1-1200x592.jpg 1200w, http:\/\/historia-zachodniopomorskie.pl\/wp-content\/uploads\/2026\/04\/2155_Guelzow_1941_uniberk_C057608263-1.jpg 1576w\" sizes=\"(max-width: 709px) 85vw, (max-width: 909px) 67vw, (max-width: 1362px) 62vw, 840px\" \/><\/a><\/figure>\n\n\n\n<p><em>fot. Mapa Ronic i okolic z 1941 roku<\/em><\/p>\n","protected":false},"excerpt":{"rendered":"<p>Ronica \u2013 (do 1945 R\u00f6nz) Osada le\u017c\u0105ca ko\u0142o wsi K\u0142eby, nale\u017c\u0105ca do gminy Golczewo. Przed 1945 rokiem, administracyjnie nale\u017ca\u0142a do wsi K\u0142\u0119by. Pierwsza wzmianka o osadzie i dworze tam istniej\u0105cym pochodzi z 1586 roku, kiedy to pojawia si\u0119 informacja, i\u017c oko\u0142o roku 1500 dw\u00f3r w R\u00f6nz, zosta\u0142 oddany w zastaw przez biskupa kamie\u0144skiego, przedstawicielowi rodu &hellip; <a href=\"http:\/\/historia-zachodniopomorskie.pl\/?p=5736\" class=\"more-link\">Czytaj dalej<span class=\"screen-reader-text\"> \u201eRonica \u2013 (do 1945 R\u00f6nz)\u201d<\/span><\/a><\/p>\n","protected":false},"author":2,"featured_media":0,"comment_status":"open","ping_status":"open","sticky":false,"template":"","format":"standard","meta":{"footnotes":""},"categories":[120,1,119],"tags":[],"class_list":["post-5736","post","type-post","status-publish","format-standard","hentry","category-gmina-golczewo","category-uncategorized","category-powiat-kamienski"],"_links":{"self":[{"href":"http:\/\/historia-zachodniopomorskie.pl\/index.php?rest_route=\/wp\/v2\/posts\/5736"}],"collection":[{"href":"http:\/\/historia-zachodniopomorskie.pl\/index.php?rest_route=\/wp\/v2\/posts"}],"about":[{"href":"http:\/\/historia-zachodniopomorskie.pl\/index.php?rest_route=\/wp\/v2\/types\/post"}],"author":[{"embeddable":true,"href":"http:\/\/historia-zachodniopomorskie.pl\/index.php?rest_route=\/wp\/v2\/users\/2"}],"replies":[{"embeddable":true,"href":"http:\/\/historia-zachodniopomorskie.pl\/index.php?rest_route=%2Fwp%2Fv2%2Fcomments&post=5736"}],"version-history":[{"count":4,"href":"http:\/\/historia-zachodniopomorskie.pl\/index.php?rest_route=\/wp\/v2\/posts\/5736\/revisions"}],"predecessor-version":[{"id":5747,"href":"http:\/\/historia-zachodniopomorskie.pl\/index.php?rest_route=\/wp\/v2\/posts\/5736\/revisions\/5747"}],"wp:attachment":[{"href":"http:\/\/historia-zachodniopomorskie.pl\/index.php?rest_route=%2Fwp%2Fv2%2Fmedia&parent=5736"}],"wp:term":[{"taxonomy":"category","embeddable":true,"href":"http:\/\/historia-zachodniopomorskie.pl\/index.php?rest_route=%2Fwp%2Fv2%2Fcategories&post=5736"},{"taxonomy":"post_tag","embeddable":true,"href":"http:\/\/historia-zachodniopomorskie.pl\/index.php?rest_route=%2Fwp%2Fv2%2Ftags&post=5736"}],"curies":[{"name":"wp","href":"https:\/\/api.w.org\/{rel}","templated":true}]}}