{"id":5639,"date":"2026-04-10T17:09:19","date_gmt":"2026-04-10T17:09:19","guid":{"rendered":"http:\/\/historia-zachodniopomorskie.pl\/?p=5639"},"modified":"2026-04-11T08:31:05","modified_gmt":"2026-04-11T08:31:05","slug":"kosciol-katolicki-koniewo-do-1945-kosciol-ewangelicki-w-kunow","status":"publish","type":"post","link":"http:\/\/historia-zachodniopomorskie.pl\/?p=5639","title":{"rendered":"Ko\u015bci\u00f3\u0142 katolicki \u2013 Koniewo (do 1945 ko\u015bci\u00f3\u0142 ewangelicki w Kunow)"},"content":{"rendered":"\n<p>Pierwsza wzmianka o ko\u015bciele pochodzi z 1288 roku, kiedy to nale\u017cy do klasztoru cysterek z Wolina. W 1311 roku wymieniany jest proboszcz \u2013\u201edominus Johannes\u201d. \u00d3wczesny ko\u015bci\u00f3\u0142 pw. \u015bw. Bart\u0142omieja, wzniesiono po \u015brodku wsi, na terenie cmentarza. Jest to budowla \u015bredniowieczna, wzniesiona z kamienia polnego. W p\u00f3\u017aniejszych latach rozbudowywana. <\/p>\n\n\n\n<figure class=\"wp-block-image size-large\"><a href=\"http:\/\/historia-zachodniopomorskie.pl\/wp-content\/uploads\/2026\/04\/DSC01543-HDR_1200PB.jpg\"><img fetchpriority=\"high\" decoding=\"async\" width=\"1024\" height=\"683\" src=\"http:\/\/historia-zachodniopomorskie.pl\/wp-content\/uploads\/2026\/04\/DSC01543-HDR_1200PB-1024x683.jpg\" alt=\"\" class=\"wp-image-5708\" srcset=\"http:\/\/historia-zachodniopomorskie.pl\/wp-content\/uploads\/2026\/04\/DSC01543-HDR_1200PB-1024x683.jpg 1024w, http:\/\/historia-zachodniopomorskie.pl\/wp-content\/uploads\/2026\/04\/DSC01543-HDR_1200PB-300x200.jpg 300w, http:\/\/historia-zachodniopomorskie.pl\/wp-content\/uploads\/2026\/04\/DSC01543-HDR_1200PB-768x512.jpg 768w, http:\/\/historia-zachodniopomorskie.pl\/wp-content\/uploads\/2026\/04\/DSC01543-HDR_1200PB.jpg 1200w\" sizes=\"(max-width: 709px) 85vw, (max-width: 909px) 67vw, (max-width: 1362px) 62vw, 840px\" \/><\/a><\/figure>\n\n\n\n<p><em>fot. Ko\u015bci\u00f3\u0142 w Koniewie. Zdj\u0119cie Przemys\u0142aw Budziak<\/em><\/p>\n\n\n\n<!--more-->\n\n\n\n<figure class=\"wp-block-image size-large\"><a href=\"http:\/\/historia-zachodniopomorskie.pl\/wp-content\/uploads\/2026\/04\/SKM_C45824050611050-\u2014-kopia-2.jpg\"><img decoding=\"async\" width=\"1024\" height=\"688\" src=\"http:\/\/historia-zachodniopomorskie.pl\/wp-content\/uploads\/2026\/04\/SKM_C45824050611050-\u2014-kopia-2-1024x688.jpg\" alt=\"\" class=\"wp-image-5665\" srcset=\"http:\/\/historia-zachodniopomorskie.pl\/wp-content\/uploads\/2026\/04\/SKM_C45824050611050-\u2014-kopia-2-1024x688.jpg 1024w, http:\/\/historia-zachodniopomorskie.pl\/wp-content\/uploads\/2026\/04\/SKM_C45824050611050-\u2014-kopia-2-300x201.jpg 300w, http:\/\/historia-zachodniopomorskie.pl\/wp-content\/uploads\/2026\/04\/SKM_C45824050611050-\u2014-kopia-2-768x516.jpg 768w, http:\/\/historia-zachodniopomorskie.pl\/wp-content\/uploads\/2026\/04\/SKM_C45824050611050-\u2014-kopia-2-1200x806.jpg 1200w, http:\/\/historia-zachodniopomorskie.pl\/wp-content\/uploads\/2026\/04\/SKM_C45824050611050-\u2014-kopia-2.jpg 1489w\" sizes=\"(max-width: 709px) 85vw, (max-width: 909px) 67vw, (max-width: 1362px) 62vw, 840px\" \/><\/a><\/figure>\n\n\n\n<p><em>fot. Widok na ko\u015bci\u00f3\u0142 z roku 1939. Zdj\u0119cie z kolekcji Wojciech Janda<\/em><\/p>\n\n\n\n<p>Nowe cz\u0119\u015bci ko\u015bcio\u0142a jak : g\u00f3rne cz\u0119\u015bci \u015bcian, rozbudowa wschodnia, przypory, zachodni szczyt i dobud\u00f3wka p\u00f3\u0142nocna, wykonane s\u0105 z ceg\u0142y, cz\u0119\u015bciowo tynkowanej. Generalnie \u015blady \u015bredniowiecznej budowli widoczne s\u0105 w zachodniej, po\u0142udniowej i p\u00f3\u0142nocnej \u015bcianie. W XVI wieku przed\u0142u\u017cono ko\u015bci\u00f3\u0142 w kierunku wschodnim.\u00a0 W 1748 roku wykonano kosztorys, przygotowany przez mistrza budowlanego J.G. Damesa, dotycz\u0105cy powi\u0119kszenia i renowacji niszczej\u0105cego ko\u015bcio\u0142a.<\/p>\n\n\n\n<figure class=\"wp-block-image size-large\"><a href=\"http:\/\/historia-zachodniopomorskie.pl\/wp-content\/uploads\/2026\/04\/SKM_C45824050611041.jpg\"><img decoding=\"async\" width=\"736\" height=\"1024\" src=\"http:\/\/historia-zachodniopomorskie.pl\/wp-content\/uploads\/2026\/04\/SKM_C45824050611041-736x1024.jpg\" alt=\"\" class=\"wp-image-5664\" srcset=\"http:\/\/historia-zachodniopomorskie.pl\/wp-content\/uploads\/2026\/04\/SKM_C45824050611041-736x1024.jpg 736w, http:\/\/historia-zachodniopomorskie.pl\/wp-content\/uploads\/2026\/04\/SKM_C45824050611041-216x300.jpg 216w, http:\/\/historia-zachodniopomorskie.pl\/wp-content\/uploads\/2026\/04\/SKM_C45824050611041-768x1069.jpg 768w, http:\/\/historia-zachodniopomorskie.pl\/wp-content\/uploads\/2026\/04\/SKM_C45824050611041-1104x1536.jpg 1104w, http:\/\/historia-zachodniopomorskie.pl\/wp-content\/uploads\/2026\/04\/SKM_C45824050611041-1472x2048.jpg 1472w, http:\/\/historia-zachodniopomorskie.pl\/wp-content\/uploads\/2026\/04\/SKM_C45824050611041-1200x1670.jpg 1200w, http:\/\/historia-zachodniopomorskie.pl\/wp-content\/uploads\/2026\/04\/SKM_C45824050611041.jpg 1492w\" sizes=\"(max-width: 709px) 85vw, (max-width: 909px) 67vw, (max-width: 984px) 61vw, (max-width: 1362px) 45vw, 600px\" \/><\/a><\/figure>\n\n\n\n<p><em>fot. Ko\u015bci\u00f3\u0142 w roku 1939. Zdj\u0119cie z kolekcji Wojciech Janda<\/em><\/p>\n\n\n\n<p>W latach 1749-1751 przeprowadzono remont i rozbudow\u0119 ko\u015bcio\u0142a dzi\u0119ki wsparciu finansowemu Erdmanna Joachima von Paulsdorfa z s\u0105siedniego Skoszewa. Dobudowano tzw. ch\u00f3r Paulsdorf\u00f3w po stronie p\u00f3\u0142nocnej, podwy\u017cszono muru o 3 stopy. Dokonano renowacji drewnianej wie\u017cy szachulcowej, odeskowanej, pochodz\u0105cej z XVII wieku. W 1754 roku pomalowano wn\u0119trza ( polichromi\u0119 sufitu), kt\u00f3rego autorem by\u0142 malarz C.H. Rosenberg z Quedlinburg (Kwedlinburg). W XIX wieku, ponownie odnowiono ko\u015bci\u00f3\u0142. W 1939 roku usuni\u0119to empory z prezbiterium z okazji ustawienia nowego o\u0142tarza autorstwa rze\u017abiarza Flatha z Segebergu.<\/p>\n\n\n\n<figure class=\"wp-block-image size-large\"><a href=\"http:\/\/historia-zachodniopomorskie.pl\/wp-content\/uploads\/2026\/04\/SKM_C45824050611430-\u2014-kopia.jpg\"><img loading=\"lazy\" decoding=\"async\" width=\"1024\" height=\"595\" src=\"http:\/\/historia-zachodniopomorskie.pl\/wp-content\/uploads\/2026\/04\/SKM_C45824050611430-\u2014-kopia-1024x595.jpg\" alt=\"\" class=\"wp-image-5668\" srcset=\"http:\/\/historia-zachodniopomorskie.pl\/wp-content\/uploads\/2026\/04\/SKM_C45824050611430-\u2014-kopia-1024x595.jpg 1024w, http:\/\/historia-zachodniopomorskie.pl\/wp-content\/uploads\/2026\/04\/SKM_C45824050611430-\u2014-kopia-300x174.jpg 300w, http:\/\/historia-zachodniopomorskie.pl\/wp-content\/uploads\/2026\/04\/SKM_C45824050611430-\u2014-kopia-768x446.jpg 768w, http:\/\/historia-zachodniopomorskie.pl\/wp-content\/uploads\/2026\/04\/SKM_C45824050611430-\u2014-kopia-1200x697.jpg 1200w, http:\/\/historia-zachodniopomorskie.pl\/wp-content\/uploads\/2026\/04\/SKM_C45824050611430-\u2014-kopia.jpg 1497w\" sizes=\"(max-width: 709px) 85vw, (max-width: 909px) 67vw, (max-width: 1362px) 62vw, 840px\" \/><\/a><\/figure>\n\n\n\n<figure class=\"wp-block-image size-large\"><a href=\"http:\/\/historia-zachodniopomorskie.pl\/wp-content\/uploads\/2026\/04\/SKM_C45824050611430.jpg\"><img loading=\"lazy\" decoding=\"async\" width=\"1024\" height=\"754\" src=\"http:\/\/historia-zachodniopomorskie.pl\/wp-content\/uploads\/2026\/04\/SKM_C45824050611430-1024x754.jpg\" alt=\"\" class=\"wp-image-5669\" srcset=\"http:\/\/historia-zachodniopomorskie.pl\/wp-content\/uploads\/2026\/04\/SKM_C45824050611430-1024x754.jpg 1024w, http:\/\/historia-zachodniopomorskie.pl\/wp-content\/uploads\/2026\/04\/SKM_C45824050611430-300x221.jpg 300w, http:\/\/historia-zachodniopomorskie.pl\/wp-content\/uploads\/2026\/04\/SKM_C45824050611430-768x566.jpg 768w, http:\/\/historia-zachodniopomorskie.pl\/wp-content\/uploads\/2026\/04\/SKM_C45824050611430-1200x884.jpg 1200w, http:\/\/historia-zachodniopomorskie.pl\/wp-content\/uploads\/2026\/04\/SKM_C45824050611430.jpg 1497w\" sizes=\"(max-width: 709px) 85vw, (max-width: 909px) 67vw, (max-width: 1362px) 62vw, 840px\" \/><\/a><\/figure>\n\n\n\n<figure class=\"wp-block-image size-large\"><a href=\"http:\/\/historia-zachodniopomorskie.pl\/wp-content\/uploads\/2026\/04\/SKM_C45824050611440-\u2014-kopia.jpg\"><img loading=\"lazy\" decoding=\"async\" width=\"763\" height=\"1024\" src=\"http:\/\/historia-zachodniopomorskie.pl\/wp-content\/uploads\/2026\/04\/SKM_C45824050611440-\u2014-kopia-763x1024.jpg\" alt=\"\" class=\"wp-image-5670\" srcset=\"http:\/\/historia-zachodniopomorskie.pl\/wp-content\/uploads\/2026\/04\/SKM_C45824050611440-\u2014-kopia-763x1024.jpg 763w, http:\/\/historia-zachodniopomorskie.pl\/wp-content\/uploads\/2026\/04\/SKM_C45824050611440-\u2014-kopia-224x300.jpg 224w, http:\/\/historia-zachodniopomorskie.pl\/wp-content\/uploads\/2026\/04\/SKM_C45824050611440-\u2014-kopia-768x1030.jpg 768w, http:\/\/historia-zachodniopomorskie.pl\/wp-content\/uploads\/2026\/04\/SKM_C45824050611440-\u2014-kopia.jpg 1046w\" sizes=\"(max-width: 709px) 85vw, (max-width: 909px) 67vw, (max-width: 984px) 61vw, (max-width: 1362px) 45vw, 600px\" \/><\/a><\/figure>\n\n\n\n<figure class=\"wp-block-image size-large\"><a href=\"http:\/\/historia-zachodniopomorskie.pl\/wp-content\/uploads\/2026\/04\/SKM_C45824050611440.jpg\"><img loading=\"lazy\" decoding=\"async\" width=\"762\" height=\"1024\" src=\"http:\/\/historia-zachodniopomorskie.pl\/wp-content\/uploads\/2026\/04\/SKM_C45824050611440-762x1024.jpg\" alt=\"\" class=\"wp-image-5671\" srcset=\"http:\/\/historia-zachodniopomorskie.pl\/wp-content\/uploads\/2026\/04\/SKM_C45824050611440-762x1024.jpg 762w, http:\/\/historia-zachodniopomorskie.pl\/wp-content\/uploads\/2026\/04\/SKM_C45824050611440-223x300.jpg 223w, http:\/\/historia-zachodniopomorskie.pl\/wp-content\/uploads\/2026\/04\/SKM_C45824050611440-768x1033.jpg 768w, http:\/\/historia-zachodniopomorskie.pl\/wp-content\/uploads\/2026\/04\/SKM_C45824050611440.jpg 1036w\" sizes=\"(max-width: 709px) 85vw, (max-width: 909px) 67vw, (max-width: 984px) 61vw, (max-width: 1362px) 45vw, 600px\" \/><\/a><\/figure>\n\n\n\n<p><em>fot. Zdj\u0119cia sklepienia w nawie autorstwa C.H. Rosenberga, zdj\u0119cia z kolekcji Wojciech Janda<\/em><\/p>\n\n\n\n<figure class=\"wp-block-image size-large\"><img loading=\"lazy\" decoding=\"async\" width=\"1024\" height=\"696\" src=\"http:\/\/historia-zachodniopomorskie.pl\/wp-content\/uploads\/2026\/04\/902c300e-5d2a-418e-ad32-2d9ca7413e62-1024x696.jpg\" alt=\"\" class=\"wp-image-5661\" srcset=\"http:\/\/historia-zachodniopomorskie.pl\/wp-content\/uploads\/2026\/04\/902c300e-5d2a-418e-ad32-2d9ca7413e62-1024x696.jpg 1024w, http:\/\/historia-zachodniopomorskie.pl\/wp-content\/uploads\/2026\/04\/902c300e-5d2a-418e-ad32-2d9ca7413e62-300x204.jpg 300w, http:\/\/historia-zachodniopomorskie.pl\/wp-content\/uploads\/2026\/04\/902c300e-5d2a-418e-ad32-2d9ca7413e62-768x522.jpg 768w, http:\/\/historia-zachodniopomorskie.pl\/wp-content\/uploads\/2026\/04\/902c300e-5d2a-418e-ad32-2d9ca7413e62-1536x1044.jpg 1536w, http:\/\/historia-zachodniopomorskie.pl\/wp-content\/uploads\/2026\/04\/902c300e-5d2a-418e-ad32-2d9ca7413e62-2048x1392.jpg 2048w, http:\/\/historia-zachodniopomorskie.pl\/wp-content\/uploads\/2026\/04\/902c300e-5d2a-418e-ad32-2d9ca7413e62-1200x815.jpg 1200w\" sizes=\"(max-width: 709px) 85vw, (max-width: 909px) 67vw, (max-width: 1362px) 62vw, 840px\" \/><\/figure>\n\n\n\n<figure class=\"wp-block-image size-large\"><a href=\"http:\/\/historia-zachodniopomorskie.pl\/wp-content\/uploads\/2026\/04\/f54be2cd-435d-4eff-b3d5-fecaff1d5976-scaled.jpg\"><img loading=\"lazy\" decoding=\"async\" width=\"633\" height=\"1024\" src=\"http:\/\/historia-zachodniopomorskie.pl\/wp-content\/uploads\/2026\/04\/f54be2cd-435d-4eff-b3d5-fecaff1d5976-633x1024.jpg\" alt=\"\" class=\"wp-image-5662\" srcset=\"http:\/\/historia-zachodniopomorskie.pl\/wp-content\/uploads\/2026\/04\/f54be2cd-435d-4eff-b3d5-fecaff1d5976-633x1024.jpg 633w, http:\/\/historia-zachodniopomorskie.pl\/wp-content\/uploads\/2026\/04\/f54be2cd-435d-4eff-b3d5-fecaff1d5976-185x300.jpg 185w, http:\/\/historia-zachodniopomorskie.pl\/wp-content\/uploads\/2026\/04\/f54be2cd-435d-4eff-b3d5-fecaff1d5976-768x1242.jpg 768w, http:\/\/historia-zachodniopomorskie.pl\/wp-content\/uploads\/2026\/04\/f54be2cd-435d-4eff-b3d5-fecaff1d5976-949x1536.jpg 949w, http:\/\/historia-zachodniopomorskie.pl\/wp-content\/uploads\/2026\/04\/f54be2cd-435d-4eff-b3d5-fecaff1d5976-1266x2048.jpg 1266w, http:\/\/historia-zachodniopomorskie.pl\/wp-content\/uploads\/2026\/04\/f54be2cd-435d-4eff-b3d5-fecaff1d5976-1200x1941.jpg 1200w, http:\/\/historia-zachodniopomorskie.pl\/wp-content\/uploads\/2026\/04\/f54be2cd-435d-4eff-b3d5-fecaff1d5976-scaled.jpg 1582w\" sizes=\"(max-width: 709px) 85vw, (max-width: 909px) 67vw, (max-width: 984px) 61vw, (max-width: 1362px) 45vw, 600px\" \/><\/a><\/figure>\n\n\n\n<p><em>fot. Zdj\u0119cia sklepienia z 1910 roku. Zdj\u0119cia z portalu polona.pl<\/em><\/p>\n\n\n\n<p>W \u015bcianie zachodniej dwukrotnie uskokowy portal p\u00f3\u0142kolisty, cofni\u0119ty szczyt rozcz\u0142onkowany przez \u015brodkow\u0105 lizen\u0119, ko\u0144cz\u0105c\u0105 si\u0119 g\u0142adko pod wierzcho\u0142kiem szczytu oraz boczne blendy w kszta\u0142cie \u0107wier\u0107 ko\u0142a. Wyra\u017anie widoczne stare skosy szczytu. \u015aciana po\u0142udniowa: ponad starszym murem z kamienia polnego znajduje si\u0119 nowszy mur ceglany, licuj\u0105cy z wewn\u0119trzn\u0105 stron\u0105, przypory si\u0119gaj\u0105 do zewn\u0119trznego uskoku, cz\u0119\u015bciowo odnowione. Wschodnie prz\u0119s\u0142o \u015bciany p\u00f3\u0142nocnej: od wewn\u0105trz ostro\u0142ukowy, zamkni\u0119ty portal \u0142ukiem koszowym, na zewn\u0105trz w ryzalicie zwie\u0144czonym barokowym gzymsem, na wsch\u00f3d od niego nisza z tr\u00f3jk\u0105tnym zamkni\u0119ciem. W prezbiterium lekkie zw\u0119\u017cenie muru od wysoko\u015bci podokiennika do oko\u0142o 3\/4 wysoko\u015bci \u015bciany. Wszystkie okna z \u0142ukiem koszowym, nowoczesne. W p\u00f3\u0142nocnej \u015bcianie dobud\u00f3wki portal o \u0142uku odcinkowym ze starymi, podw\u00f3jnymi drzwiami. Dach o konstrukcji le\u017c\u0105cej, kryty podw\u00f3jn\u0105 karpi\u00f3wk\u0105.<\/p>\n\n\n\n<figure class=\"wp-block-image size-large\"><a href=\"http:\/\/historia-zachodniopomorskie.pl\/wp-content\/uploads\/2026\/04\/272-273-\u2014-kopia.jpg\"><img loading=\"lazy\" decoding=\"async\" width=\"1024\" height=\"1010\" src=\"http:\/\/historia-zachodniopomorskie.pl\/wp-content\/uploads\/2026\/04\/272-273-\u2014-kopia-1024x1010.jpg\" alt=\"\" class=\"wp-image-5660\" srcset=\"http:\/\/historia-zachodniopomorskie.pl\/wp-content\/uploads\/2026\/04\/272-273-\u2014-kopia-1024x1010.jpg 1024w, http:\/\/historia-zachodniopomorskie.pl\/wp-content\/uploads\/2026\/04\/272-273-\u2014-kopia-300x296.jpg 300w, http:\/\/historia-zachodniopomorskie.pl\/wp-content\/uploads\/2026\/04\/272-273-\u2014-kopia-768x758.jpg 768w, http:\/\/historia-zachodniopomorskie.pl\/wp-content\/uploads\/2026\/04\/272-273-\u2014-kopia-1536x1515.jpg 1536w, http:\/\/historia-zachodniopomorskie.pl\/wp-content\/uploads\/2026\/04\/272-273-\u2014-kopia-1200x1184.jpg 1200w, http:\/\/historia-zachodniopomorskie.pl\/wp-content\/uploads\/2026\/04\/272-273-\u2014-kopia.jpg 1773w\" sizes=\"(max-width: 709px) 85vw, (max-width: 909px) 67vw, (max-width: 1362px) 62vw, 840px\" \/><\/a><\/figure>\n\n\n\n<p><em>fot. Rzut ko\u015bcio\u0142a i wie\u017cy w skali 1:300 z roku 1939<\/em><\/p>\n\n\n\n<p>Wie\u017ca posiada \u015bciany o nachylonych s\u0142upach (zbie\u017cne ku g\u00f3rze) z przechodz\u0105cymi pionowymi elementami. Wewn\u0105trz krzy\u017cowe st\u0119\u017cenia, bez podzia\u0142u na kondygnacje. Dzwony wisz\u0105 na najwy\u017cszym poziomie belek. Cofni\u0119ty, gontowy o\u015bmioboczny he\u0142m ostros\u0142upowy na p\u0142atwiach, u do\u0142u kt\u00f3rego znajduje si\u0119 \u201efartuch\u201d z desek wyci\u0119tych w kszta\u0142cie lancetowatym. Na szczycie ga\u0142ka i chor\u0105giewka pogodowa.<\/p>\n\n\n\n<figure class=\"wp-block-image size-full\"><a href=\"http:\/\/historia-zachodniopomorskie.pl\/wp-content\/uploads\/2026\/04\/SKM_C45824050611050-\u2014-kopia.jpg\"><img loading=\"lazy\" decoding=\"async\" width=\"712\" height=\"942\" src=\"http:\/\/historia-zachodniopomorskie.pl\/wp-content\/uploads\/2026\/04\/SKM_C45824050611050-\u2014-kopia.jpg\" alt=\"\" class=\"wp-image-5666\" srcset=\"http:\/\/historia-zachodniopomorskie.pl\/wp-content\/uploads\/2026\/04\/SKM_C45824050611050-\u2014-kopia.jpg 712w, http:\/\/historia-zachodniopomorskie.pl\/wp-content\/uploads\/2026\/04\/SKM_C45824050611050-\u2014-kopia-227x300.jpg 227w\" sizes=\"(max-width: 709px) 85vw, (max-width: 909px) 67vw, (max-width: 984px) 61vw, (max-width: 1362px) 45vw, 600px\" \/><\/a><\/figure>\n\n\n\n<p><em>fot. Elementy drewniane wie\u017cy- tzw. fartuch w Koniewie. Zdj\u0119cie z kolekcji Wojciech Janda<\/em><\/p>\n\n\n\n<p>We wn\u0119trzu znajduje si\u0119 p\u0142aski strop z widocznymi belkami. Polichromia sufitu wykonana w technice tempery: w nawie Wielka Doksologia w wykonaniu orkiestry anielskiej czyli \u201eTe Deum Laudamus\u201d \u2014 hymn u\u0142o\u017cony przez \u015bw. Ambro\u017cego, teksty na banderolach trzymanych przez anio\u0142\u00f3w. Na stropie dobud\u00f3wki p\u00f3\u0142nocnej, w podobnym stylu, Pie\u015b\u0144 \u201eMagnificat\u201d czyli hymn uwielbienia Boga przez Mari\u0119 wed\u0142ug Ewangelii \u015bw. \u0141ukasza 1,46. Bardzo dobrze zachowane. Namalowane w 1754 roku przez malarza C. H. Rosenberga z Kwedlinburga. W prezbiterium kilka wn\u0119k ostro\u0142ukowych, odcinkowych i prostok\u0105tnych. Jedna z tych ostatnich (w p\u00f3\u0142nocno-wschodniej cz\u0119\u015bci) przedzielona drewnian\u0105 obudow\u0105 na dwie cz\u0119\u015bci, kt\u00f3re wewn\u0105trz s\u0105 kolorowo pomalowane w motywy wici i li\u015bci farb\u0105 olejn\u0105. Jedna z nich z kunsztown\u0105 krat\u0105 z kutej stali i przedstawieniem Chusty \u015bw. Weroniki. Na elewacji p\u00f3\u0142nocnej znajduje si\u0119 zegar s\u0142oneczny.<\/p>\n\n\n\n<figure class=\"wp-block-image size-large\"><a href=\"http:\/\/historia-zachodniopomorskie.pl\/wp-content\/uploads\/2026\/04\/DSC01554_1200PB.jpg\"><img loading=\"lazy\" decoding=\"async\" width=\"683\" height=\"1024\" src=\"http:\/\/historia-zachodniopomorskie.pl\/wp-content\/uploads\/2026\/04\/DSC01554_1200PB-683x1024.jpg\" alt=\"\" class=\"wp-image-5709\" srcset=\"http:\/\/historia-zachodniopomorskie.pl\/wp-content\/uploads\/2026\/04\/DSC01554_1200PB-683x1024.jpg 683w, http:\/\/historia-zachodniopomorskie.pl\/wp-content\/uploads\/2026\/04\/DSC01554_1200PB-200x300.jpg 200w, http:\/\/historia-zachodniopomorskie.pl\/wp-content\/uploads\/2026\/04\/DSC01554_1200PB-768x1152.jpg 768w, http:\/\/historia-zachodniopomorskie.pl\/wp-content\/uploads\/2026\/04\/DSC01554_1200PB.jpg 800w\" sizes=\"(max-width: 709px) 85vw, (max-width: 909px) 67vw, (max-width: 984px) 61vw, (max-width: 1362px) 45vw, 600px\" \/><\/a><\/figure>\n\n\n\n<p><em>fot. Zegar s\u0142oneczny znajduj\u0105cy si\u0119 na po\u0142udniowej \u015bcianie ko\u015bcio\u0142a. Zdj\u0119cie Przemys\u0142aw Budziak<\/em><\/p>\n\n\n\n<figure class=\"wp-block-image size-large\"><a href=\"http:\/\/historia-zachodniopomorskie.pl\/wp-content\/uploads\/2026\/04\/DSC00542_1200PB.jpg\"><img loading=\"lazy\" decoding=\"async\" width=\"1024\" height=\"683\" src=\"http:\/\/historia-zachodniopomorskie.pl\/wp-content\/uploads\/2026\/04\/DSC00542_1200PB-1024x683.jpg\" alt=\"\" class=\"wp-image-5702\" srcset=\"http:\/\/historia-zachodniopomorskie.pl\/wp-content\/uploads\/2026\/04\/DSC00542_1200PB-1024x683.jpg 1024w, http:\/\/historia-zachodniopomorskie.pl\/wp-content\/uploads\/2026\/04\/DSC00542_1200PB-300x200.jpg 300w, http:\/\/historia-zachodniopomorskie.pl\/wp-content\/uploads\/2026\/04\/DSC00542_1200PB-768x512.jpg 768w, http:\/\/historia-zachodniopomorskie.pl\/wp-content\/uploads\/2026\/04\/DSC00542_1200PB.jpg 1200w\" sizes=\"(max-width: 709px) 85vw, (max-width: 909px) 67vw, (max-width: 1362px) 62vw, 840px\" \/><\/a><\/figure>\n\n\n\n<p><em>fot. Widok na wn\u0119trze ko\u015bcio\u0142a. Zdj\u0119cie Przemys\u0142aw Budziak<\/em><\/p>\n\n\n\n<figure class=\"wp-block-image size-large\"><a href=\"http:\/\/historia-zachodniopomorskie.pl\/wp-content\/uploads\/2026\/04\/DSC00548_PANO.jpg\"><img loading=\"lazy\" decoding=\"async\" width=\"1024\" height=\"497\" src=\"http:\/\/historia-zachodniopomorskie.pl\/wp-content\/uploads\/2026\/04\/DSC00548_PANO-1024x497.jpg\" alt=\"\" class=\"wp-image-5704\" srcset=\"http:\/\/historia-zachodniopomorskie.pl\/wp-content\/uploads\/2026\/04\/DSC00548_PANO-1024x497.jpg 1024w, http:\/\/historia-zachodniopomorskie.pl\/wp-content\/uploads\/2026\/04\/DSC00548_PANO-300x146.jpg 300w, http:\/\/historia-zachodniopomorskie.pl\/wp-content\/uploads\/2026\/04\/DSC00548_PANO-768x372.jpg 768w, http:\/\/historia-zachodniopomorskie.pl\/wp-content\/uploads\/2026\/04\/DSC00548_PANO.jpg 1200w\" sizes=\"(max-width: 709px) 85vw, (max-width: 909px) 67vw, (max-width: 1362px) 62vw, 840px\" \/><\/a><\/figure>\n\n\n\n<p><em>fot. Pi\u0119kne zdj\u0119cie sklepienia. Zdj\u0119cie Przemys\u0142aw Budziak<\/em><\/p>\n\n\n\n<figure class=\"wp-block-image size-large\"><a href=\"http:\/\/historia-zachodniopomorskie.pl\/wp-content\/uploads\/2026\/04\/DSC00473_1200PB.jpg\"><img loading=\"lazy\" decoding=\"async\" width=\"1024\" height=\"683\" src=\"http:\/\/historia-zachodniopomorskie.pl\/wp-content\/uploads\/2026\/04\/DSC00473_1200PB-1024x683.jpg\" alt=\"\" class=\"wp-image-5686\" srcset=\"http:\/\/historia-zachodniopomorskie.pl\/wp-content\/uploads\/2026\/04\/DSC00473_1200PB-1024x683.jpg 1024w, http:\/\/historia-zachodniopomorskie.pl\/wp-content\/uploads\/2026\/04\/DSC00473_1200PB-300x200.jpg 300w, http:\/\/historia-zachodniopomorskie.pl\/wp-content\/uploads\/2026\/04\/DSC00473_1200PB-768x512.jpg 768w, http:\/\/historia-zachodniopomorskie.pl\/wp-content\/uploads\/2026\/04\/DSC00473_1200PB.jpg 1200w\" sizes=\"(max-width: 709px) 85vw, (max-width: 909px) 67vw, (max-width: 1362px) 62vw, 840px\" \/><\/a><\/figure>\n\n\n\n<figure class=\"wp-block-image size-large\"><a href=\"http:\/\/historia-zachodniopomorskie.pl\/wp-content\/uploads\/2026\/04\/DSC00472_1200PB.jpg\"><img loading=\"lazy\" decoding=\"async\" width=\"1024\" height=\"683\" src=\"http:\/\/historia-zachodniopomorskie.pl\/wp-content\/uploads\/2026\/04\/DSC00472_1200PB-1024x683.jpg\" alt=\"\" class=\"wp-image-5685\" srcset=\"http:\/\/historia-zachodniopomorskie.pl\/wp-content\/uploads\/2026\/04\/DSC00472_1200PB-1024x683.jpg 1024w, http:\/\/historia-zachodniopomorskie.pl\/wp-content\/uploads\/2026\/04\/DSC00472_1200PB-300x200.jpg 300w, http:\/\/historia-zachodniopomorskie.pl\/wp-content\/uploads\/2026\/04\/DSC00472_1200PB-768x512.jpg 768w, http:\/\/historia-zachodniopomorskie.pl\/wp-content\/uploads\/2026\/04\/DSC00472_1200PB.jpg 1200w\" sizes=\"(max-width: 709px) 85vw, (max-width: 909px) 67vw, (max-width: 1362px) 62vw, 840px\" \/><\/a><\/figure>\n\n\n\n<figure class=\"wp-block-image size-large\"><img loading=\"lazy\" decoding=\"async\" width=\"1024\" height=\"683\" src=\"http:\/\/historia-zachodniopomorskie.pl\/wp-content\/uploads\/2026\/04\/DSC00471_1200PB-1024x683.jpg\" alt=\"\" class=\"wp-image-5684\" srcset=\"http:\/\/historia-zachodniopomorskie.pl\/wp-content\/uploads\/2026\/04\/DSC00471_1200PB-1024x683.jpg 1024w, http:\/\/historia-zachodniopomorskie.pl\/wp-content\/uploads\/2026\/04\/DSC00471_1200PB-300x200.jpg 300w, http:\/\/historia-zachodniopomorskie.pl\/wp-content\/uploads\/2026\/04\/DSC00471_1200PB-768x512.jpg 768w, http:\/\/historia-zachodniopomorskie.pl\/wp-content\/uploads\/2026\/04\/DSC00471_1200PB.jpg 1200w\" sizes=\"(max-width: 709px) 85vw, (max-width: 909px) 67vw, (max-width: 1362px) 62vw, 840px\" \/><\/figure>\n\n\n\n<figure class=\"wp-block-image size-large\"><a href=\"http:\/\/historia-zachodniopomorskie.pl\/wp-content\/uploads\/2026\/04\/DSC00470_1200PB.jpg\"><img loading=\"lazy\" decoding=\"async\" width=\"1024\" height=\"683\" src=\"http:\/\/historia-zachodniopomorskie.pl\/wp-content\/uploads\/2026\/04\/DSC00470_1200PB-1024x683.jpg\" alt=\"\" class=\"wp-image-5683\" srcset=\"http:\/\/historia-zachodniopomorskie.pl\/wp-content\/uploads\/2026\/04\/DSC00470_1200PB-1024x683.jpg 1024w, http:\/\/historia-zachodniopomorskie.pl\/wp-content\/uploads\/2026\/04\/DSC00470_1200PB-300x200.jpg 300w, http:\/\/historia-zachodniopomorskie.pl\/wp-content\/uploads\/2026\/04\/DSC00470_1200PB-768x512.jpg 768w, http:\/\/historia-zachodniopomorskie.pl\/wp-content\/uploads\/2026\/04\/DSC00470_1200PB.jpg 1200w\" sizes=\"(max-width: 709px) 85vw, (max-width: 909px) 67vw, (max-width: 1362px) 62vw, 840px\" \/><\/a><\/figure>\n\n\n\n<p><em>fot. Jakby kto\u015b chcia\u0142 szczeg\u00f3\u0142y. Zdj\u0119cia Przemys\u0142aw Budziak<\/em><\/p>\n\n\n\n<p>Na wewn\u0119trznych \u015bcianach ko\u015bcio\u0142a znajduj\u0105 si\u0119 zacheuszki, upami\u0119tniaj\u0105ce konsekracje ko\u015bcio\u0142a przez \u00f3wczesnego biskupa. Jest ich 6 sztuk, malowane br\u0105zowo-czerwon\u0105 farb\u0105, Jest to krzy\u017c r\u00f3wnoramienny wpisany w okr\u0105g. Malowania pochodz\u0105 z pocz\u0105tku XVI wieku.<\/p>\n\n\n\n<figure class=\"wp-block-image size-large\"><a href=\"http:\/\/historia-zachodniopomorskie.pl\/wp-content\/uploads\/2026\/04\/DSC00503_1200PB.jpg\"><img loading=\"lazy\" decoding=\"async\" width=\"768\" height=\"1024\" src=\"http:\/\/historia-zachodniopomorskie.pl\/wp-content\/uploads\/2026\/04\/DSC00503_1200PB-768x1024.jpg\" alt=\"\" class=\"wp-image-5690\" srcset=\"http:\/\/historia-zachodniopomorskie.pl\/wp-content\/uploads\/2026\/04\/DSC00503_1200PB-768x1024.jpg 768w, http:\/\/historia-zachodniopomorskie.pl\/wp-content\/uploads\/2026\/04\/DSC00503_1200PB-225x300.jpg 225w, http:\/\/historia-zachodniopomorskie.pl\/wp-content\/uploads\/2026\/04\/DSC00503_1200PB.jpg 900w\" sizes=\"(max-width: 709px) 85vw, (max-width: 909px) 67vw, (max-width: 984px) 61vw, (max-width: 1362px) 45vw, 600px\" \/><\/a><\/figure>\n\n\n\n<figure class=\"wp-block-image size-large\"><a href=\"http:\/\/historia-zachodniopomorskie.pl\/wp-content\/uploads\/2026\/04\/DSC00534_1200PB.jpg\"><img loading=\"lazy\" decoding=\"async\" width=\"768\" height=\"1024\" src=\"http:\/\/historia-zachodniopomorskie.pl\/wp-content\/uploads\/2026\/04\/DSC00534_1200PB-768x1024.jpg\" alt=\"\" class=\"wp-image-5699\" srcset=\"http:\/\/historia-zachodniopomorskie.pl\/wp-content\/uploads\/2026\/04\/DSC00534_1200PB-768x1024.jpg 768w, http:\/\/historia-zachodniopomorskie.pl\/wp-content\/uploads\/2026\/04\/DSC00534_1200PB-225x300.jpg 225w, http:\/\/historia-zachodniopomorskie.pl\/wp-content\/uploads\/2026\/04\/DSC00534_1200PB.jpg 900w\" sizes=\"(max-width: 709px) 85vw, (max-width: 909px) 67vw, (max-width: 984px) 61vw, (max-width: 1362px) 45vw, 600px\" \/><\/a><\/figure>\n\n\n\n<p><em>fot. Zacheuszki widoczne na \u015bcianach w ko\u015bciele. Zdj\u0119cia Przemys\u0142aw Budziak<\/em><\/p>\n\n\n\n<p>W 1939 roku w ko\u015bciele znajdowa\u0142o si\u0119 nast\u0119puj\u0105ce wyposa\u017cenie:<\/p>\n\n\n\n<p><strong>O\u0142tarz<\/strong><\/p>\n\n\n\n<p>Mensa z kamienia polnego i ceg\u0142y, tynkowana. Wysoko\u015b\u0107 1,23 m, szeroko\u015b\u0107 1,95 m, g\u0142\u0119boko\u015b\u0107 1,10 m. Ma\u0142e prostok\u0105tne wn\u0119ki po stronie zachodniej i po\u0142udniowej. Dotychczasowa, prymitywna nadstawa o\u0142tarzowa zosta\u0142a usuni\u0119ta w 1939 roku wraz ze znajduj\u0105c\u0105 si\u0119 za ni\u0105 empor\u0105. Sk\u0142ada\u0142a si\u0119 ona z prostej \u015bciany z desek, przed kt\u00f3r\u0105 sta\u0142y na postumentach dwie kolumny korynckie. W g\u00f3rnej cz\u0119\u015bci \u015brodkowego pola umieszczone by\u0142o s\u0142o\u0144ce cymba\u0142owe z dawnych organ\u00f3w, na belkowaniu wazy, a w \u015brodku anio\u0142 z puzonem. Nadstawa si\u0119ga\u0142a a\u017c do stropu dzi\u0119ki ramie obci\u0105gni\u0119tej p\u0142\u00f3tnem i by\u0142a pomalowana na bia\u0142o-niebiesko. Na belce z ty\u0142u wyryta inskrypcja: \u201eJohan bernt volbrecht 1781\u201d.<\/p>\n\n\n\n<p>Od 1939 roku nowa nadstawa: rze\u017aba reliefowa, wykonana w 1934 roku przez rze\u017abiarza Otto Flatha z Bad Segeberg. Drewno wi\u0105zowe, wysoko\u015b\u0107 2,18 m: krzy\u017c, po obu stronach kt\u00f3rego znajduj\u0105 si\u0119 unosz\u0105ce si\u0119 postacie, kt\u00f3re by\u0142y darem rze\u017abiarza dla gminy. Balustrada o\u0142tarzowa z 1763 roku o prostym podziale p\u0142ycinowym z dziewi\u0119cioma obrazami olejnymi z przedstawieniami wybranego, do\u015bwiadczonego i odkupionego serca, z nast\u0119puj\u0105cymi inskrypcjami:<\/p>\n\n\n\n<ol class=\"wp-block-list\">\n<li>\u201eB\u0119d\u0119 w Chrystusie wybrany\u201d (serce le\u017c\u0105ce na ksi\u0119dze w pejza\u017cu, r\u0119ka pisze na sercu: \u201eJezus\u201d)<\/li>\n\n\n\n<li>\u201eB\u0119d\u0119 przez S\u0142owo o\u015bwiecony\u201d (r\u0119ka podaje sercu Bibli\u0119),<\/li>\n\n\n\n<li>\u201eB\u0119d\u0119 przez Prawo zmi\u0119kczony\u201d (serce le\u017c\u0105ce na bloku, uderzane m\u0142otem)<\/li>\n\n\n\n<li>\u201eB\u0119d\u0119 poddany pr\u00f3bie\u201d (r\u0119ka na \u0142opacie trzyma serce w p\u0142on\u0105cym piecu).<\/li>\n\n\n\n<li>\u201eWzdycham\u201d (m\u0119\u017cczyzna w stroju z epoki nios\u0105cy krzy\u017c, r\u0119ka Boga podaje mu krzy\u017c)<\/li>\n\n\n\n<li>\u201eZostan\u0119 wyzwolony\u201d (krzy\u017c w krajobrazie, na nim tablica, r\u0119ka Boga wymazuje widniej\u0105ce na niej s\u0142owa \u201emorte morieris\u201d \u2013 \u015bmierci\u0105 zginiesz)<\/li>\n\n\n\n<li>\u201eJem i pij\u0119\u201d (Zmartwychwsta\u0142y stoj\u0105cy na studni, m\u0119\u017cczyzna w stroju z epoki \u0142apie Jego krew do kielicha)<\/li>\n\n\n\n<li>\u201eJestem karmiony\u201d (w otwartym krajobrazie le\u017c\u0105ce serce, dwie d\u0142onie, dwie stopy i oko)<\/li>\n\n\n\n<li>\u201eB\u0105d\u017a wierny a\u017c do \u015bmierci\u201d (na sarkofagu dwa serca po\u0142\u0105czone obr\u0119cz\u0105, nad nimi d\u0142o\u0144 Opatrzno\u015bci z koron\u0105)<\/li>\n<\/ol>\n\n\n\n<figure class=\"wp-block-image size-full\"><a href=\"http:\/\/historia-zachodniopomorskie.pl\/wp-content\/uploads\/2026\/04\/154-\u2014-kopia.jpg\"><img loading=\"lazy\" decoding=\"async\" width=\"586\" height=\"726\" src=\"http:\/\/historia-zachodniopomorskie.pl\/wp-content\/uploads\/2026\/04\/154-\u2014-kopia.jpg\" alt=\"\" class=\"wp-image-5652\" srcset=\"http:\/\/historia-zachodniopomorskie.pl\/wp-content\/uploads\/2026\/04\/154-\u2014-kopia.jpg 586w, http:\/\/historia-zachodniopomorskie.pl\/wp-content\/uploads\/2026\/04\/154-\u2014-kopia-242x300.jpg 242w\" sizes=\"(max-width: 586px) 85vw, 586px\" \/><\/a><\/figure>\n\n\n\n<p><em>fot. Obraz nr.1, zdj\u0119cie z kolekcji Wojciech Janda<\/em><\/p>\n\n\n\n<figure class=\"wp-block-image size-full\"><a href=\"http:\/\/historia-zachodniopomorskie.pl\/wp-content\/uploads\/2026\/04\/154.jpg\"><img loading=\"lazy\" decoding=\"async\" width=\"581\" height=\"726\" src=\"http:\/\/historia-zachodniopomorskie.pl\/wp-content\/uploads\/2026\/04\/154.jpg\" alt=\"\" class=\"wp-image-5653\" srcset=\"http:\/\/historia-zachodniopomorskie.pl\/wp-content\/uploads\/2026\/04\/154.jpg 581w, http:\/\/historia-zachodniopomorskie.pl\/wp-content\/uploads\/2026\/04\/154-240x300.jpg 240w\" sizes=\"(max-width: 581px) 85vw, 581px\" \/><\/a><\/figure>\n\n\n\n<p><em>fot. Obraz nr.9. Zdj\u0119cie z kolekcji Wojciech Janda<\/em><\/p>\n\n\n\n<p>O\u0142tarz ten sp\u0142on\u0105\u0142 w latach 60-tych XX wieku. Obecny o\u0142tarz zosta\u0142 przeniesiony z innego ko\u015bcio\u0142a.<\/p>\n\n\n\n<p><strong>Ambona z 1781 roku<\/strong><\/p>\n\n\n\n<p>Znajduje si\u0119 przy po\u0142udniowej \u015bcianie. Wykonana z drewna sosnowego. Posiada o\u015bmioboczny kosz na g\u0142adkiej podporze z du\u017cymi wspornikami wolutowymi i ornamentem akantu. Kosz podzielony na g\u0142adkie p\u0142yciny, na kraw\u0119dziach ci\u0119\u017ckie woluty akantowe. Prosto profilowany daszek akustyczny z lambrekinami, zawieszony u sufitu, zwie\u0144czony anio\u0142em z puzonem stoj\u0105cym na wolutach akantu. Malowana by\u0142a na bia\u0142o-niebiesko, dzi\u015b na bia\u0142o \u2013 zielono.<\/p>\n\n\n\n<figure class=\"wp-block-image size-large\"><a href=\"http:\/\/historia-zachodniopomorskie.pl\/wp-content\/uploads\/2026\/04\/DSC00539_1200PB.jpg\"><img loading=\"lazy\" decoding=\"async\" width=\"683\" height=\"1024\" src=\"http:\/\/historia-zachodniopomorskie.pl\/wp-content\/uploads\/2026\/04\/DSC00539_1200PB-683x1024.jpg\" alt=\"\" class=\"wp-image-5701\" srcset=\"http:\/\/historia-zachodniopomorskie.pl\/wp-content\/uploads\/2026\/04\/DSC00539_1200PB-683x1024.jpg 683w, http:\/\/historia-zachodniopomorskie.pl\/wp-content\/uploads\/2026\/04\/DSC00539_1200PB-200x300.jpg 200w, http:\/\/historia-zachodniopomorskie.pl\/wp-content\/uploads\/2026\/04\/DSC00539_1200PB-768x1152.jpg 768w, http:\/\/historia-zachodniopomorskie.pl\/wp-content\/uploads\/2026\/04\/DSC00539_1200PB.jpg 800w\" sizes=\"(max-width: 709px) 85vw, (max-width: 909px) 67vw, (max-width: 984px) 61vw, (max-width: 1362px) 45vw, 600px\" \/><\/a><\/figure>\n\n\n\n<figure class=\"wp-block-image size-large\"><a href=\"http:\/\/historia-zachodniopomorskie.pl\/wp-content\/uploads\/2026\/04\/DSC00519_1200PB.jpg\"><img loading=\"lazy\" decoding=\"async\" width=\"683\" height=\"1024\" src=\"http:\/\/historia-zachodniopomorskie.pl\/wp-content\/uploads\/2026\/04\/DSC00519_1200PB-683x1024.jpg\" alt=\"\" class=\"wp-image-5694\" srcset=\"http:\/\/historia-zachodniopomorskie.pl\/wp-content\/uploads\/2026\/04\/DSC00519_1200PB-683x1024.jpg 683w, http:\/\/historia-zachodniopomorskie.pl\/wp-content\/uploads\/2026\/04\/DSC00519_1200PB-200x300.jpg 200w, http:\/\/historia-zachodniopomorskie.pl\/wp-content\/uploads\/2026\/04\/DSC00519_1200PB-768x1152.jpg 768w, http:\/\/historia-zachodniopomorskie.pl\/wp-content\/uploads\/2026\/04\/DSC00519_1200PB.jpg 800w\" sizes=\"(max-width: 709px) 85vw, (max-width: 909px) 67vw, (max-width: 984px) 61vw, (max-width: 1362px) 45vw, 600px\" \/><\/a><\/figure>\n\n\n\n<figure class=\"wp-block-image size-large\"><a href=\"http:\/\/historia-zachodniopomorskie.pl\/wp-content\/uploads\/2026\/04\/DSC00515_1200PB.jpg\"><img loading=\"lazy\" decoding=\"async\" width=\"683\" height=\"1024\" src=\"http:\/\/historia-zachodniopomorskie.pl\/wp-content\/uploads\/2026\/04\/DSC00515_1200PB-683x1024.jpg\" alt=\"\" class=\"wp-image-5693\" srcset=\"http:\/\/historia-zachodniopomorskie.pl\/wp-content\/uploads\/2026\/04\/DSC00515_1200PB-683x1024.jpg 683w, http:\/\/historia-zachodniopomorskie.pl\/wp-content\/uploads\/2026\/04\/DSC00515_1200PB-200x300.jpg 200w, http:\/\/historia-zachodniopomorskie.pl\/wp-content\/uploads\/2026\/04\/DSC00515_1200PB-768x1152.jpg 768w, http:\/\/historia-zachodniopomorskie.pl\/wp-content\/uploads\/2026\/04\/DSC00515_1200PB.jpg 800w\" sizes=\"(max-width: 709px) 85vw, (max-width: 909px) 67vw, (max-width: 984px) 61vw, (max-width: 1362px) 45vw, 600px\" \/><\/a><\/figure>\n\n\n\n<p><em>fot. Ambona w ko\u015bciele w Koniewie. Zdj\u0119cia Przemys\u0142aw Budziak<\/em><\/p>\n\n\n\n<p><strong>\u0141awki<\/strong><\/p>\n\n\n\n<p>Proste rz\u0119dy \u0142awek z drewna sosnowego w nawie i na emporach. Boki i drzwiczki na emporze p\u00f3\u0142nocnej z dawn\u0105 malatur\u0105: na br\u0105zowym tle zielone i bia\u0142e wici ro\u015blinne, do tego napisy: \u201e\u0141awa Panien Pa\u0144skich\u201d, \u201e\u0141awa Parobk\u00f3w\u201d, \u201e\u0141awa Kobiet S\u0142u\u017cebnych\u201d, \u201e\u0141awa M\u0119\u017cczyzn S\u0142u\u017cebnych\u201d. Na tylnych \u015bciankach kilka nazwisk, m.in. \u201eChristian Mittag 1777\u201d oraz wyryte: \u201eC. H. Rosenberg Anno 1754\u201d. Po 1945 roku \u0142awki te usuni\u0119to. Pochodzenie obecnych nieznane.<\/p>\n\n\n\n<figure class=\"wp-block-image size-large\"><a href=\"http:\/\/historia-zachodniopomorskie.pl\/wp-content\/uploads\/2026\/04\/SKM_C45824050611050.jpg\"><img loading=\"lazy\" decoding=\"async\" width=\"1024\" height=\"682\" src=\"http:\/\/historia-zachodniopomorskie.pl\/wp-content\/uploads\/2026\/04\/SKM_C45824050611050-1024x682.jpg\" alt=\"\" class=\"wp-image-5667\" srcset=\"http:\/\/historia-zachodniopomorskie.pl\/wp-content\/uploads\/2026\/04\/SKM_C45824050611050-1024x682.jpg 1024w, http:\/\/historia-zachodniopomorskie.pl\/wp-content\/uploads\/2026\/04\/SKM_C45824050611050-300x200.jpg 300w, http:\/\/historia-zachodniopomorskie.pl\/wp-content\/uploads\/2026\/04\/SKM_C45824050611050-768x511.jpg 768w, http:\/\/historia-zachodniopomorskie.pl\/wp-content\/uploads\/2026\/04\/SKM_C45824050611050-1200x799.jpg 1200w, http:\/\/historia-zachodniopomorskie.pl\/wp-content\/uploads\/2026\/04\/SKM_C45824050611050.jpg 1489w\" sizes=\"(max-width: 709px) 85vw, (max-width: 909px) 67vw, (max-width: 1362px) 62vw, 840px\" \/><\/a><\/figure>\n\n\n\n<p><em>fot. Widok na wn\u0119trze ko\u015bcio\u0142a w 1939 roku. Zdj\u0119cie z kolekcji Wojciech Janda<\/em><\/p>\n\n\n\n<p><strong>Empory<\/strong><\/p>\n\n\n\n<p>Wykonane z drewna sosnowego na g\u0142adkich podporach. Empora wschodnia do 1939 roku znajdowa\u0142a si\u0119 za o\u0142tarzem. Niegdy\u015b sta\u0142y na niej organy.<\/p>\n\n\n\n<ul class=\"wp-block-list\">\n<li>Zachodnia empora posiada\u0142a schody malowane farb\u0105 olejn\u0105. Na parapecie w o\u015bmiu prostok\u0105tnych polach o wymiarach 77 cm x 54 xm znajduj\u0105 si\u0119 herby przodk\u00f3w fundatora przebudowy Erdmanna Joachima v. Paulsdorf i Hyppolity Sophii v. Flemming: Paulsdorf, Flemming, Lepel, Brockhausen, Sallern i Alvensleben. Pod nimi znajduje si\u0119 \u0142aci\u0144ska inskrypcja fundacyjna z 1751 roku:<\/li>\n<\/ul>\n\n\n\n<p><strong><em>\u201eIN HONOREM DEI et ECCLESIAE ORNAMENTUM HOC AMBONIUM SUMPTIBUS PRAE NOBILISSIMI DOMINI LOCUM TENENTIS ERDMANNI IOACHIMI DE PAULSDORF PICTUM ANNO MDCCLI MENSE OCTOBRIS\u201d. 1751.<\/em><\/strong><\/p>\n\n\n\n<p><strong><em>\u201eNa chwa\u0142\u0119 Boga i dla ozdoby ko\u015bcio\u0142a, empora ta zosta\u0142a pomalowana kosztem wielce szlachetnego pana namiestnika Erdmanna Joachima de Paulsdorf w roku 1751, w miesi\u0105cu pa\u017adzierniku\u201d<\/em><\/strong><\/p>\n\n\n\n<figure class=\"wp-block-image size-large\"><a href=\"http:\/\/historia-zachodniopomorskie.pl\/wp-content\/uploads\/2026\/04\/62dfb0ac-b7e7-4409-a5e7-738c4e1589b8-1-\u2014-kopia.jpg\"><img loading=\"lazy\" decoding=\"async\" width=\"783\" height=\"1024\" src=\"http:\/\/historia-zachodniopomorskie.pl\/wp-content\/uploads\/2026\/04\/62dfb0ac-b7e7-4409-a5e7-738c4e1589b8-1-\u2014-kopia-783x1024.jpg\" alt=\"\" class=\"wp-image-5647\" srcset=\"http:\/\/historia-zachodniopomorskie.pl\/wp-content\/uploads\/2026\/04\/62dfb0ac-b7e7-4409-a5e7-738c4e1589b8-1-\u2014-kopia-783x1024.jpg 783w, http:\/\/historia-zachodniopomorskie.pl\/wp-content\/uploads\/2026\/04\/62dfb0ac-b7e7-4409-a5e7-738c4e1589b8-1-\u2014-kopia-229x300.jpg 229w, http:\/\/historia-zachodniopomorskie.pl\/wp-content\/uploads\/2026\/04\/62dfb0ac-b7e7-4409-a5e7-738c4e1589b8-1-\u2014-kopia-768x1005.jpg 768w, http:\/\/historia-zachodniopomorskie.pl\/wp-content\/uploads\/2026\/04\/62dfb0ac-b7e7-4409-a5e7-738c4e1589b8-1-\u2014-kopia-1174x1536.jpg 1174w, http:\/\/historia-zachodniopomorskie.pl\/wp-content\/uploads\/2026\/04\/62dfb0ac-b7e7-4409-a5e7-738c4e1589b8-1-\u2014-kopia-1566x2048.jpg 1566w, http:\/\/historia-zachodniopomorskie.pl\/wp-content\/uploads\/2026\/04\/62dfb0ac-b7e7-4409-a5e7-738c4e1589b8-1-\u2014-kopia-1200x1570.jpg 1200w, http:\/\/historia-zachodniopomorskie.pl\/wp-content\/uploads\/2026\/04\/62dfb0ac-b7e7-4409-a5e7-738c4e1589b8-1-\u2014-kopia.jpg 1899w\" sizes=\"(max-width: 709px) 85vw, (max-width: 909px) 67vw, (max-width: 984px) 61vw, (max-width: 1362px) 45vw, 600px\" \/><\/a><\/figure>\n\n\n\n<p><em>fot. Empora zachodnia w roku 1910. Zdj\u0119cie z portalu polona.pl<\/em><\/p>\n\n\n\n<figure class=\"wp-block-image size-large\"><a href=\"http:\/\/historia-zachodniopomorskie.pl\/wp-content\/uploads\/2026\/04\/DSC00533_1200PB.jpg\"><img loading=\"lazy\" decoding=\"async\" width=\"1024\" height=\"683\" src=\"http:\/\/historia-zachodniopomorskie.pl\/wp-content\/uploads\/2026\/04\/DSC00533_1200PB-1024x683.jpg\" alt=\"\" class=\"wp-image-5698\" srcset=\"http:\/\/historia-zachodniopomorskie.pl\/wp-content\/uploads\/2026\/04\/DSC00533_1200PB-1024x683.jpg 1024w, http:\/\/historia-zachodniopomorskie.pl\/wp-content\/uploads\/2026\/04\/DSC00533_1200PB-300x200.jpg 300w, http:\/\/historia-zachodniopomorskie.pl\/wp-content\/uploads\/2026\/04\/DSC00533_1200PB-768x512.jpg 768w, http:\/\/historia-zachodniopomorskie.pl\/wp-content\/uploads\/2026\/04\/DSC00533_1200PB.jpg 1200w\" sizes=\"(max-width: 709px) 85vw, (max-width: 909px) 67vw, (max-width: 1362px) 62vw, 840px\" \/><\/a><\/figure>\n\n\n\n<figure class=\"wp-block-image size-large\"><a href=\"http:\/\/historia-zachodniopomorskie.pl\/wp-content\/uploads\/2026\/04\/DSC00532_1200PB.jpg\"><img loading=\"lazy\" decoding=\"async\" width=\"1024\" height=\"683\" src=\"http:\/\/historia-zachodniopomorskie.pl\/wp-content\/uploads\/2026\/04\/DSC00532_1200PB-1024x683.jpg\" alt=\"\" class=\"wp-image-5697\" srcset=\"http:\/\/historia-zachodniopomorskie.pl\/wp-content\/uploads\/2026\/04\/DSC00532_1200PB-1024x683.jpg 1024w, http:\/\/historia-zachodniopomorskie.pl\/wp-content\/uploads\/2026\/04\/DSC00532_1200PB-300x200.jpg 300w, http:\/\/historia-zachodniopomorskie.pl\/wp-content\/uploads\/2026\/04\/DSC00532_1200PB-768x512.jpg 768w, http:\/\/historia-zachodniopomorskie.pl\/wp-content\/uploads\/2026\/04\/DSC00532_1200PB.jpg 1200w\" sizes=\"(max-width: 709px) 85vw, (max-width: 909px) 67vw, (max-width: 1362px) 62vw, 840px\" \/><\/a><\/figure>\n\n\n\n<figure class=\"wp-block-image size-large\"><a href=\"http:\/\/historia-zachodniopomorskie.pl\/wp-content\/uploads\/2026\/04\/DSC00531_1200PB.jpg\"><img loading=\"lazy\" decoding=\"async\" width=\"1024\" height=\"683\" src=\"http:\/\/historia-zachodniopomorskie.pl\/wp-content\/uploads\/2026\/04\/DSC00531_1200PB-1024x683.jpg\" alt=\"\" class=\"wp-image-5696\" srcset=\"http:\/\/historia-zachodniopomorskie.pl\/wp-content\/uploads\/2026\/04\/DSC00531_1200PB-1024x683.jpg 1024w, http:\/\/historia-zachodniopomorskie.pl\/wp-content\/uploads\/2026\/04\/DSC00531_1200PB-300x200.jpg 300w, http:\/\/historia-zachodniopomorskie.pl\/wp-content\/uploads\/2026\/04\/DSC00531_1200PB-768x512.jpg 768w, http:\/\/historia-zachodniopomorskie.pl\/wp-content\/uploads\/2026\/04\/DSC00531_1200PB.jpg 1200w\" sizes=\"(max-width: 709px) 85vw, (max-width: 909px) 67vw, (max-width: 1362px) 62vw, 840px\" \/><\/a><\/figure>\n\n\n\n<p><em>fot. Szczeg\u00f3\u0142y empory zachodniej. Zdj\u0119cia Przemys\u0142aw Budziak<\/em><\/p>\n\n\n\n<p>Empora p\u00f3\u0142nocna posiada wej\u015bcie od wiatro\u0142apu portalu p\u00f3\u0142nocnego. Schody by\u0142y malowane na czarno-bia\u0142o. Na drzwiach wiatro\u0142apu znajdowa\u0142y si\u0119 cztery symboliczne obrazy z sentencjami:<\/p>\n\n\n\n<p>&#8211; <strong>Kosz\u0105cy rolnik:<\/strong> \u201ePatrzcie, jak pracowity jest wie\u015bniak, zapomina o trudzie, ci\u0119\u017carze i potu. Kosa go m\u0119czy, lecz on widzi b\u0142ogos\u0142awie\u0144stwo. O! Chciejmy i my rozwa\u017cy\u0107 ten obraz w duchu\u201d<\/p>\n\n\n\n<p>&#8211; <strong>M\u0119\u017cczyzna wskazuj\u0105cy na uschni\u0119te drzewo:<\/strong> \u201ePo co komu marnotrawne drzewo? Pan ogrodu rzecze: Co ono zawadza ziemi? Wycina\u0107! Nie chc\u0119 go. Pro\u015bba ogrodnika brzmi: Panie! oszcz\u0119d\u017a jeszcze rok. Mo\u017ce wtedy uka\u017ce ono owoce\u201d<\/p>\n\n\n\n<p>&#8211; <strong>Pok\u00f3j, stary cz\u0142owiek w fotelu:<\/strong> \u201eJak tutaj znu\u017cony starzec wspiera swe zm\u0119czone cz\u0142onki i siedzi w samotno\u015bci, wzgardzony i bez si\u0142, tak stanie si\u0119 z tob\u0105 i ze mn\u0105 z czasem. Uczcie si\u0119, ludzie, uczcie si\u0119 w\u0142a\u015bciwie rozumie\u0107 zbawienie dusz\u201d<\/p>\n\n\n\n<p>&#8211; <strong>Starzec grzej\u0105cy si\u0119 przy kominku:<\/strong> \u201eB\u0105d\u017a zawsze gotowy na \u015bmier\u0107 i wyczekuj wieczno\u015bci. Gdzie podzia\u0142a si\u0119 wiosenna rado\u015b\u0107? Gdzie s\u0105 m\u0142ode lata? Nadchodzi mr\u00f3z, a w staro\u015bci \u015bmier\u0107 i mary\u201d.<\/p>\n\n\n\n<figure class=\"wp-block-image size-large\"><a href=\"http:\/\/historia-zachodniopomorskie.pl\/wp-content\/uploads\/2026\/04\/4c1b2b47-9de1-4e9c-884c-12ed906d5827-scaled.jpg\"><img loading=\"lazy\" decoding=\"async\" width=\"1024\" height=\"781\" src=\"http:\/\/historia-zachodniopomorskie.pl\/wp-content\/uploads\/2026\/04\/4c1b2b47-9de1-4e9c-884c-12ed906d5827-1024x781.jpg\" alt=\"\" class=\"wp-image-5646\" srcset=\"http:\/\/historia-zachodniopomorskie.pl\/wp-content\/uploads\/2026\/04\/4c1b2b47-9de1-4e9c-884c-12ed906d5827-1024x781.jpg 1024w, http:\/\/historia-zachodniopomorskie.pl\/wp-content\/uploads\/2026\/04\/4c1b2b47-9de1-4e9c-884c-12ed906d5827-300x229.jpg 300w, http:\/\/historia-zachodniopomorskie.pl\/wp-content\/uploads\/2026\/04\/4c1b2b47-9de1-4e9c-884c-12ed906d5827-768x586.jpg 768w, http:\/\/historia-zachodniopomorskie.pl\/wp-content\/uploads\/2026\/04\/4c1b2b47-9de1-4e9c-884c-12ed906d5827-1536x1171.jpg 1536w, http:\/\/historia-zachodniopomorskie.pl\/wp-content\/uploads\/2026\/04\/4c1b2b47-9de1-4e9c-884c-12ed906d5827-2048x1562.jpg 2048w, http:\/\/historia-zachodniopomorskie.pl\/wp-content\/uploads\/2026\/04\/4c1b2b47-9de1-4e9c-884c-12ed906d5827-1200x915.jpg 1200w\" sizes=\"(max-width: 709px) 85vw, (max-width: 909px) 67vw, (max-width: 1362px) 62vw, 840px\" \/><\/a><\/figure>\n\n\n\n<p><em>fot. Fragment empory p\u00f3\u0142nocnej. Zdj\u0119cie z portalu polona.pl<\/em><\/p>\n\n\n\n<p>Balustrada p\u00f3\u0142nocna podobnie jak zachodnia, by\u0142a podzielona na pola o takich samych wymiarach. Od lewej strony znajduj\u0105 si\u0119:<\/p>\n\n\n\n<p>&#8211; Ofiarowanie Izaaka<\/p>\n\n\n\n<p>&#8211; spleciony monogram fundatora z inskrypcj\u0105: \u201eAnno 1751 dnia 10 wrze\u015bnia\u201d<\/p>\n\n\n\n<p>&nbsp;&nbsp;&nbsp;&nbsp;&nbsp;&nbsp;&nbsp;&nbsp;&nbsp;&nbsp;&nbsp;&nbsp;&nbsp; &#8211; Drabina Jakubowa,<\/p>\n\n\n\n<p>&nbsp;&nbsp;&nbsp;&nbsp;&nbsp;&nbsp;&nbsp;&nbsp;&nbsp;&nbsp;&nbsp;&nbsp;&nbsp; &#8211; herb fundatora von Paulsdorf<\/p>\n\n\n\n<p>&nbsp;&nbsp;&nbsp;&nbsp;&nbsp;&nbsp;&nbsp;&nbsp;&nbsp;&nbsp;&nbsp;&nbsp;&nbsp; &#8211; herb von Knuth<\/p>\n\n\n\n<p>&nbsp;&nbsp;&nbsp;&nbsp;&nbsp;&nbsp;&nbsp;&nbsp;&nbsp;&nbsp;&nbsp;&nbsp;&nbsp; &#8211; herb von Lockst\u00e4dt<\/p>\n\n\n\n<p>&nbsp;&nbsp;&nbsp;&nbsp;&nbsp;&nbsp;&nbsp;&nbsp;&nbsp;&nbsp;&nbsp;&nbsp;&nbsp; &#8211; herb von Flemming<\/p>\n\n\n\n<p>&nbsp;&nbsp;&nbsp;&nbsp;&nbsp;&nbsp;&nbsp;&nbsp;&nbsp;&nbsp;&nbsp;&nbsp;&nbsp; &#8211; herb von Sch\u00f6nleben<\/p>\n\n\n\n<p>Pod polami z herbami znajduje si\u0119 inskrypcja: <strong><em>\u201eKu ozdobie ko\u015bcio\u0142a i na pami\u0105tk\u0119 swoich b\u0142ogos\u0142awionej pami\u0119ci rodzic\u00f3w i dziadk\u00f3w, kaza\u0142 to prezbiterium wymalowa\u0107 wysoko urodzony Pan Caspar Henning von Knuth, pan dziedziczny na Klein-Weckow roku 1754\u201d<\/em><\/strong><\/p>\n\n\n\n<figure class=\"wp-block-image size-large\"><a href=\"http:\/\/historia-zachodniopomorskie.pl\/wp-content\/uploads\/2026\/04\/DSC00506_1200PB.jpg\"><img loading=\"lazy\" decoding=\"async\" width=\"1024\" height=\"683\" src=\"http:\/\/historia-zachodniopomorskie.pl\/wp-content\/uploads\/2026\/04\/DSC00506_1200PB-1024x683.jpg\" alt=\"\" class=\"wp-image-5692\" srcset=\"http:\/\/historia-zachodniopomorskie.pl\/wp-content\/uploads\/2026\/04\/DSC00506_1200PB-1024x683.jpg 1024w, http:\/\/historia-zachodniopomorskie.pl\/wp-content\/uploads\/2026\/04\/DSC00506_1200PB-300x200.jpg 300w, http:\/\/historia-zachodniopomorskie.pl\/wp-content\/uploads\/2026\/04\/DSC00506_1200PB-768x512.jpg 768w, http:\/\/historia-zachodniopomorskie.pl\/wp-content\/uploads\/2026\/04\/DSC00506_1200PB.jpg 1200w\" sizes=\"(max-width: 709px) 85vw, (max-width: 909px) 67vw, (max-width: 1362px) 62vw, 840px\" \/><\/a><\/figure>\n\n\n\n<figure class=\"wp-block-image size-large\"><a href=\"http:\/\/historia-zachodniopomorskie.pl\/wp-content\/uploads\/2026\/04\/DSC00505_1200PB.jpg\"><img loading=\"lazy\" decoding=\"async\" width=\"1024\" height=\"683\" src=\"http:\/\/historia-zachodniopomorskie.pl\/wp-content\/uploads\/2026\/04\/DSC00505_1200PB-1024x683.jpg\" alt=\"\" class=\"wp-image-5691\" srcset=\"http:\/\/historia-zachodniopomorskie.pl\/wp-content\/uploads\/2026\/04\/DSC00505_1200PB-1024x683.jpg 1024w, http:\/\/historia-zachodniopomorskie.pl\/wp-content\/uploads\/2026\/04\/DSC00505_1200PB-300x200.jpg 300w, http:\/\/historia-zachodniopomorskie.pl\/wp-content\/uploads\/2026\/04\/DSC00505_1200PB-768x512.jpg 768w, http:\/\/historia-zachodniopomorskie.pl\/wp-content\/uploads\/2026\/04\/DSC00505_1200PB.jpg 1200w\" sizes=\"(max-width: 709px) 85vw, (max-width: 909px) 67vw, (max-width: 1362px) 62vw, 840px\" \/><\/a><\/figure>\n\n\n\n<p><em>fot. Szczeg\u00f3\u0142y empory p\u00f3\u0142nocnej. Zdj\u0119cia Przemys\u0142aw Budziak<\/em><\/p>\n\n\n\n<p><strong>Epitafia<\/strong><\/p>\n\n\n\n<p>Na p\u00f3\u0142nocnej \u015bcianie znajdowa\u0142o si\u0119 epitafium Henninga v. Knuth. Wykonane by\u0142o z drewna sosnowego o wymiarach wysoko\u015b\u0107 2 m, szeroko\u015b\u0107 1,50 m. By\u0142 to wysokoowalny obraz \u015brodkowy, malowany farb\u0105 olejn\u0105 na desce. Przedstawia\u0142 zmar\u0142ego Henniga w zbroi, w ramie laurowej trzymanej przez dw\u00f3ch rycerzy. Ca\u0142o\u015b\u0107 by\u0142a otoczona trofeami. Na dole znajdowa\u0142a si\u0119 tablica inskrypcyjna z z\u0142otymi napisami na czarnym tle:<\/p>\n\n\n\n<p><strong><em>\u201eWielmo\u017cny pan Henning von Knuth, Jego Elektorskiej Mo\u015bci Brandenburgii dobrze ustanowiony wy\u017cszy wachmistrz, Pan Dziedziczny na Koppelin i Klein Weckow, urodzony w Podanzig dnia 4 listopada roku 1653, zmar\u0142 w Brukseli dnia 8 listopada roku 1693\u201d<\/em><\/strong><\/p>\n\n\n\n<p>Epitafium zosta\u0142o usuni\u0119te po 1945 roku, jego dalsze losy s\u0105 nieznane.<\/p>\n\n\n\n<figure class=\"wp-block-image size-full\"><a href=\"http:\/\/historia-zachodniopomorskie.pl\/wp-content\/uploads\/2026\/04\/141.jpg\"><img loading=\"lazy\" decoding=\"async\" width=\"688\" height=\"944\" src=\"http:\/\/historia-zachodniopomorskie.pl\/wp-content\/uploads\/2026\/04\/141.jpg\" alt=\"\" class=\"wp-image-5650\" srcset=\"http:\/\/historia-zachodniopomorskie.pl\/wp-content\/uploads\/2026\/04\/141.jpg 688w, http:\/\/historia-zachodniopomorskie.pl\/wp-content\/uploads\/2026\/04\/141-219x300.jpg 219w\" sizes=\"(max-width: 709px) 85vw, (max-width: 909px) 67vw, (max-width: 984px) 61vw, (max-width: 1362px) 45vw, 600px\" \/><\/a><\/figure>\n\n\n\n<p><em>fot. Epitafium Henniga von Knuthe w 1939 roku. Zdj\u0119cie z kolekcji Wojciech Janda<\/em><\/p>\n\n\n\n<p><strong>Tablice<\/strong><\/p>\n\n\n\n<ul class=\"wp-block-list\">\n<li>Tablica nagrobna Christoffela. Sta\u0142a w p\u00f3\u0142nocnej dobud\u00f3wce. By\u0142a wykonana z drewna d\u0119bowego, o wymiarach wysoko\u015b\u0107 1,03 m x szeroko\u015b\u0107 70 cm. By\u0142a to prosta tablica z z\u0142ot\u0105 inskrypcj\u0105 na czarnym tle: \u201eTutaj le\u017cy pochowany czcigodny i uczony Pan .y\u2026 \u2026 Christoffelow, odszed\u0142 z tego \u015bwiata roku 1658 dnia drugiego kwietnia w wieku 75 lat\u201d.<\/li>\n\n\n\n<li>Tablica z inskrypcj\u0105 budowlan\u0105, wisz\u0105ca nad zachodni\u0105 empor\u0105. Posiada\u0142a wymiary 1,20 m x 1,02 m z z\u0142otymi napisami na czarnym tle:<\/li>\n<\/ul>\n\n\n\n<p><strong><em>\u201eBogu samemu na chwa\u0142\u0119. Pod godnym pochwa\u0142y panowaniem FRYDERYKA II, Wielkiego Kr\u00f3la Prus i Elektora: BRANDENB. Ko\u015bci\u00f3\u0142 ten zosta\u0142 podwy\u017cszony o 4 stopy, powi\u0119kszony przez przebicie ku p\u00f3\u0142nocy, opatrzony nowym dachem, \u0142awami i pod\u0142og\u0105, roku 1750. Ozdobiony malowaniem stropu dzi\u0119ki dobrowolnej sk\u0142adce parafii, roku 1754. W\u00f3wczas radc\u0105 urz\u0119du w Stepnicy (Stepenitz) by\u0142 PAN C. CASTNER. Pastorzy: PAN SAMUEL SCHMALTZ, emerytowany pastor; PAN MARTIN FRIEDERICH STAMMER. Adiunkt. Zakrystian: Mstr. <\/em><\/strong><strong><em>Christoph Schauinsland. Prze\u0142o\u017ceni: Jacob Haetcke z Schincho, Christian Wietstock z Sager, Hans Grossnick z Conow, David Schmeling z Conow. Malarz C. H. Rosenberg, Saxo Quedlinburgensis.\u201d&nbsp;&nbsp;&nbsp;<\/em><\/strong><\/p>\n\n\n\n<p>Tablica herbowa znajdowa\u0142a si\u0119 na p\u00f3\u0142nocnej emporze. Wykonana z drewna sosnowego, o wymiarach 90 cm x 2,7 m, malowana farb\u0105 olejn\u0105. Pod draperia znajdowa\u0142y si\u0119 trzy medaliony w ramie laurowej z herbami: po lewej von Heydebreck, w \u015brodku von Knuth, po prawej von Sch\u00f6ning. Poni\u017cej znajdowa\u0142a si\u0119 namalowana inskrypcja: <strong><em>\u201eRoku 1703. We wrze\u015bniu, Pan kapitan Caspar Gerth von Knuth kaza\u0142 zbudowa\u0107 te \u0142awy, a tak\u017ce umie\u015bci\u0107 tutaj herby rodowe swoje i swoich obu ma\u0142\u017conek\u201d<\/em><\/strong><\/p>\n\n\n\n<p>Kolejna tablica herbowa znajdowa\u0142a si\u0119 r\u00f3wnie\u017c na emporze p\u00f3\u0142nocnej. Wykonana z drewna sosnowego, o wymiarach 1,60 m x 1,06 m. By\u0142a to malowana tablica w kszta\u0142cie tarczy. W \u015brodku znajdowa\u0142 si\u0119 dwug\u0142owy orze\u0142, w tarczy sercowej herb von Knuth z napisem: <strong><em>\u201eJochim Hans Knudt 1678\u201d<\/em><\/strong>. Po obu stronach or\u0142a herby przodk\u00f3w Knutha: Knuth, Witte, Manteuffel, Mellin, v. d. Osten, Pl\u00f6tz, Oppenborg, Sebaden, Gandtke, Brockhausen, Glasenapp, Weier, Massow, Wedel, Kretlow i Steinwehr.<\/p>\n\n\n\n<figure class=\"wp-block-image size-full\"><a href=\"http:\/\/historia-zachodniopomorskie.pl\/wp-content\/uploads\/2026\/04\/144.jpg\"><img loading=\"lazy\" decoding=\"async\" width=\"697\" height=\"940\" src=\"http:\/\/historia-zachodniopomorskie.pl\/wp-content\/uploads\/2026\/04\/144.jpg\" alt=\"\" class=\"wp-image-5651\" srcset=\"http:\/\/historia-zachodniopomorskie.pl\/wp-content\/uploads\/2026\/04\/144.jpg 697w, http:\/\/historia-zachodniopomorskie.pl\/wp-content\/uploads\/2026\/04\/144-222x300.jpg 222w\" sizes=\"(max-width: 709px) 85vw, (max-width: 909px) 67vw, (max-width: 984px) 61vw, (max-width: 1362px) 45vw, 600px\" \/><\/a><\/figure>\n\n\n\n<p><em>fot. Tablica herbowa Jochima von Knuthe w 1939 roku. Zdj\u0119cie z kolekcji Wojciech Janda<\/em><\/p>\n\n\n\n<p>Ostatnia tablica herbowa znajdowa\u0142 si\u0119 te\u017c na p\u00f3\u0142nocnej emporze. Wykonana z drewna sosnowego, o wymiarach 1,55 m x 1,22 m. R\u00f3wnie\u017c wykonana w takiej formie ja wy\u017cej opisana tablica von Knuth. W \u015brodku znajdowa\u0142 si\u0119 ukoronowany orze\u0142, w tarczy sercowej umieszczony by\u0142 herb sojuszniczy Adam Knuth i Elisabeth Gandtke. Wok\u00f3\u0142 znajdowa\u0142 si\u0119 rodzinne herby przodk\u00f3w: Knuth, Witte, Pl\u00f6tz, Grape, Oppenburg, Segebaden, Manteuffel, Gandtke, Mellin, v. d. Osten, Abtshagen.<\/p>\n\n\n\n<p>Wszystkie wymienione tablice i epitafia zosta\u0142y usuni\u0119te po 1945 roku. Ich los jest nieznany.<\/p>\n\n\n\n<p>W ko\u015bciele znajdowa\u0142o si\u0119 dwana\u015bcie konsol na wie\u0144ce pogrzebowe, kt\u00f3re by\u0142y zawieszone na \u015bcianach. Wszystkie posiada\u0142y inskrypcjami z lat: 1773, 1819, 1823, 1832, 1833, 1837, 1841, 1844, 1848, 1852, 1853.<\/p>\n\n\n\n<figure class=\"wp-block-image size-large\"><a href=\"http:\/\/historia-zachodniopomorskie.pl\/wp-content\/uploads\/2026\/04\/270.jpg\"><img loading=\"lazy\" decoding=\"async\" width=\"1024\" height=\"355\" src=\"http:\/\/historia-zachodniopomorskie.pl\/wp-content\/uploads\/2026\/04\/270-1024x355.jpg\" alt=\"\" class=\"wp-image-5658\" srcset=\"http:\/\/historia-zachodniopomorskie.pl\/wp-content\/uploads\/2026\/04\/270-1024x355.jpg 1024w, http:\/\/historia-zachodniopomorskie.pl\/wp-content\/uploads\/2026\/04\/270-300x104.jpg 300w, http:\/\/historia-zachodniopomorskie.pl\/wp-content\/uploads\/2026\/04\/270-768x266.jpg 768w, http:\/\/historia-zachodniopomorskie.pl\/wp-content\/uploads\/2026\/04\/270-1536x532.jpg 1536w, http:\/\/historia-zachodniopomorskie.pl\/wp-content\/uploads\/2026\/04\/270-1200x416.jpg 1200w, http:\/\/historia-zachodniopomorskie.pl\/wp-content\/uploads\/2026\/04\/270.jpg 1597w\" sizes=\"(max-width: 709px) 85vw, (max-width: 909px) 67vw, (max-width: 1362px) 62vw, 840px\" \/><\/a><\/figure>\n\n\n\n<figure class=\"wp-block-image size-full\"><a href=\"http:\/\/historia-zachodniopomorskie.pl\/wp-content\/uploads\/2026\/04\/271.jpg\"><img loading=\"lazy\" decoding=\"async\" width=\"958\" height=\"703\" src=\"http:\/\/historia-zachodniopomorskie.pl\/wp-content\/uploads\/2026\/04\/271.jpg\" alt=\"\" class=\"wp-image-5659\" srcset=\"http:\/\/historia-zachodniopomorskie.pl\/wp-content\/uploads\/2026\/04\/271.jpg 958w, http:\/\/historia-zachodniopomorskie.pl\/wp-content\/uploads\/2026\/04\/271-300x220.jpg 300w, http:\/\/historia-zachodniopomorskie.pl\/wp-content\/uploads\/2026\/04\/271-768x564.jpg 768w\" sizes=\"(max-width: 709px) 85vw, (max-width: 909px) 67vw, (max-width: 1362px) 62vw, 840px\" \/><\/a><\/figure>\n\n\n\n<p><em>fot. Rysunki konsoli pogrzebowych jakie znajdowa\u0142y si\u0119 w ko\u015bciele w Koniewie<\/em><\/p>\n\n\n\n<p>Na wyposa\u017ceniu opr\u00f3cz \u0142aw dla wiernych, znajdowa\u0142 si\u0119 bok \u0142awy, ustawiony przy p\u00f3\u0142nocnej \u015bcianie. Wykonany by\u0142 z drewna d\u0119bowego, o wysoko\u015bci 1,34 m. Wykonano go dla Dla Dorotei Marii Last, z domu Engelke z Paulsdorf (Skoszewo), zm. 1886.<\/p>\n\n\n\n<p><strong>Kielich<\/strong><\/p>\n\n\n\n<p>Wykonany ze srebra poz\u0142acanego, o wymiarach 27,5 cm x 12,3 cm. Posiada\u0142 stop\u0119 sze\u015bcioboczn\u0105, na kraw\u0119dzi zdobion\u0105 wolutami i wyci\u0119ciami, na kraw\u0119dzi sznury pere\u0142. Na polach stopy trybowane narz\u0119dzia M\u0119ki Pa\u0144skiej. Trzon g\u0142adki, sze\u015bcioboczny z sze\u015bciobocznym nodusem, w rotundach kolorowe kryszta\u0142y g\u00f3rskie. G\u0142adka czasza osadzona w a\u017curowym koszyczku z trybowanego ornamentu z figurami syren. Na czaszy grawerowany herb von Knuth z inskrypcj\u0105: : <strong><em>\u201eERNST CNUTH RITMEISTER HERNACH OBERSTER LEVTENANT ANNO 1634\u201d<\/em><\/strong>&nbsp; &#8211; \u201e<strong>ERNST CNUTH, ROTMISTRZ,<\/strong> <strong>NAST\u0118PNIE OBERSTER LEUTNANT, ROKU 1634\u201d<\/strong><\/p>\n\n\n\n<figure class=\"wp-block-image size-large\"><a href=\"http:\/\/historia-zachodniopomorskie.pl\/wp-content\/uploads\/2026\/04\/179.jpg\"><img loading=\"lazy\" decoding=\"async\" width=\"682\" height=\"1024\" src=\"http:\/\/historia-zachodniopomorskie.pl\/wp-content\/uploads\/2026\/04\/179-682x1024.jpg\" alt=\"\" class=\"wp-image-5655\" srcset=\"http:\/\/historia-zachodniopomorskie.pl\/wp-content\/uploads\/2026\/04\/179-682x1024.jpg 682w, http:\/\/historia-zachodniopomorskie.pl\/wp-content\/uploads\/2026\/04\/179-200x300.jpg 200w, http:\/\/historia-zachodniopomorskie.pl\/wp-content\/uploads\/2026\/04\/179.jpg 700w\" sizes=\"(max-width: 709px) 85vw, (max-width: 909px) 67vw, (max-width: 984px) 61vw, (max-width: 1362px) 45vw, 600px\" \/><\/a><\/figure>\n\n\n\n<figure class=\"wp-block-image size-large\"><a href=\"http:\/\/historia-zachodniopomorskie.pl\/wp-content\/uploads\/2026\/04\/180.jpg\"><img loading=\"lazy\" decoding=\"async\" width=\"1024\" height=\"782\" src=\"http:\/\/historia-zachodniopomorskie.pl\/wp-content\/uploads\/2026\/04\/180-1024x782.jpg\" alt=\"\" class=\"wp-image-5656\" srcset=\"http:\/\/historia-zachodniopomorskie.pl\/wp-content\/uploads\/2026\/04\/180-1024x782.jpg 1024w, http:\/\/historia-zachodniopomorskie.pl\/wp-content\/uploads\/2026\/04\/180-300x229.jpg 300w, http:\/\/historia-zachodniopomorskie.pl\/wp-content\/uploads\/2026\/04\/180-768x586.jpg 768w, http:\/\/historia-zachodniopomorskie.pl\/wp-content\/uploads\/2026\/04\/180-1200x916.jpg 1200w, http:\/\/historia-zachodniopomorskie.pl\/wp-content\/uploads\/2026\/04\/180.jpg 1493w\" sizes=\"(max-width: 709px) 85vw, (max-width: 909px) 67vw, (max-width: 1362px) 62vw, 840px\" \/><\/a><\/figure>\n\n\n\n<figure class=\"wp-block-image size-large\"><a href=\"http:\/\/historia-zachodniopomorskie.pl\/wp-content\/uploads\/2026\/04\/181.jpg\"><img loading=\"lazy\" decoding=\"async\" width=\"825\" height=\"1024\" src=\"http:\/\/historia-zachodniopomorskie.pl\/wp-content\/uploads\/2026\/04\/181-825x1024.jpg\" alt=\"\" class=\"wp-image-5657\" srcset=\"http:\/\/historia-zachodniopomorskie.pl\/wp-content\/uploads\/2026\/04\/181-825x1024.jpg 825w, http:\/\/historia-zachodniopomorskie.pl\/wp-content\/uploads\/2026\/04\/181-242x300.jpg 242w, http:\/\/historia-zachodniopomorskie.pl\/wp-content\/uploads\/2026\/04\/181-768x953.jpg 768w, http:\/\/historia-zachodniopomorskie.pl\/wp-content\/uploads\/2026\/04\/181-1237x1536.jpg 1237w, http:\/\/historia-zachodniopomorskie.pl\/wp-content\/uploads\/2026\/04\/181-1200x1490.jpg 1200w, http:\/\/historia-zachodniopomorskie.pl\/wp-content\/uploads\/2026\/04\/181.jpg 1470w\" sizes=\"(max-width: 709px) 85vw, (max-width: 909px) 67vw, (max-width: 984px) 61vw, (max-width: 1362px) 45vw, 600px\" \/><\/a><\/figure>\n\n\n\n<p><em>fot. Kielich i jego szczeg\u00f3\u0142y w 1939 roku. Zdj\u0119cia z kolekcji Wojciech Janda<\/em><\/p>\n\n\n\n<p><strong>Patena<\/strong><\/p>\n\n\n\n<p>Wykonana z poz\u0142acanego srebra, o \u015brednicy 19 cm, w komplecie razem z wy\u017cej wymienionym kielichem. Na kraw\u0119dzi znajdowa\u0142o si\u0119 grawerowane <em>signaculum<\/em>: Baranek z kielichem i chor\u0105gwi\u0105 oraz grawerowana inskrypcja w j\u0119zyku czeskim: <strong><em>\u201eLETHA PANIE 1614 NAKLADEM THOMASSE NOWAKA ADAMA DOSSKA IANA RICHTARZIE GEST TENTO KALICH VDIELAN KZADVSSY SWA TEHO DETRA A DAWLA WE WSY ZEWSSETA NA BVDAVCZY AWIECZNY DAMATKV\u201d &#8211; \u201e W roku Pa\u0144skim 1614 kielich ten zosta\u0142 wykonany kosztem Thomasa Novaka, Adama Dosseka i Jana Richtara dla ko\u015bcio\u0142a \u015bw. Piotra i Paw\u0142a we wsi Sev\u0161eta na przysz\u0142\u0105 i wieczn\u0105 pami\u0105tk\u0119<\/em><\/strong>\u201d. Na spodzie punca z 1806 roku. Patena by\u0142a prawdopodobnie \u0142upem wojennym i zosta\u0142a podarowana ko\u015bcio\u0142owi przez Ernsta v. Knuth wraz z kielichem.<\/p>\n\n\n\n<p><strong>Misa chrzcielna<\/strong><\/p>\n\n\n\n<p>Wykonana z mosi\u0105dzu, o \u015brednicy 36 cm, trybowana i grawerowana. Na dnie Chrzest Chrystusa w otoczeniu wici ro\u015blinnej i kwiat\u00f3w. Na kraw\u0119dzi biegn\u0105cy wko\u0142o ornament kwiatowy i inskrypcja: <strong><em>\u201eANNO 1670. HAT DIESES BECKEN. <\/em><\/strong><strong><em>Fr. ANNA Sch\u00fctten. He. IOH. Hammermeisters. PAST. EHELICHE Hau\u00dffraw GOTT undt dieser CONOW kirchen. Zu Ehren Geschencket\u201d \u2013 \u201eRoku 1670 mis\u0119 t\u0119 podarowa\u0142a na chwa\u0142\u0119 Boga i ko\u015bcio\u0142a w Koniewie pani Anna Sch\u00fctten, ma\u0142\u017conka pastora Johanna Hammermeistera\u201d<\/em><\/strong><\/p>\n\n\n\n<figure class=\"wp-block-image size-large\"><a href=\"http:\/\/historia-zachodniopomorskie.pl\/wp-content\/uploads\/2026\/04\/misa-chrzcielna-scaled.jpg\"><img loading=\"lazy\" decoding=\"async\" width=\"1024\" height=\"996\" src=\"http:\/\/historia-zachodniopomorskie.pl\/wp-content\/uploads\/2026\/04\/misa-chrzcielna-1024x996.jpg\" alt=\"\" class=\"wp-image-5663\" srcset=\"http:\/\/historia-zachodniopomorskie.pl\/wp-content\/uploads\/2026\/04\/misa-chrzcielna-1024x996.jpg 1024w, http:\/\/historia-zachodniopomorskie.pl\/wp-content\/uploads\/2026\/04\/misa-chrzcielna-300x292.jpg 300w, http:\/\/historia-zachodniopomorskie.pl\/wp-content\/uploads\/2026\/04\/misa-chrzcielna-768x747.jpg 768w, http:\/\/historia-zachodniopomorskie.pl\/wp-content\/uploads\/2026\/04\/misa-chrzcielna-1536x1494.jpg 1536w, http:\/\/historia-zachodniopomorskie.pl\/wp-content\/uploads\/2026\/04\/misa-chrzcielna-2048x1992.jpg 2048w, http:\/\/historia-zachodniopomorskie.pl\/wp-content\/uploads\/2026\/04\/misa-chrzcielna-1200x1167.jpg 1200w\" sizes=\"(max-width: 709px) 85vw, (max-width: 909px) 67vw, (max-width: 1362px) 62vw, 840px\" \/><\/a><\/figure>\n\n\n\n<p><em>fot. Misa chrzcielna z ko\u015bcio\u0142a w Koniewie. Zdj\u0119cie z portalu polona.pl<\/em><\/p>\n\n\n\n<p><strong>Torebka na ja\u0142mu\u017cn\u0119-dzwonek<\/strong><\/p>\n\n\n\n<p>By\u0142 to czarny aksamitny woreczek ze sk\u00f3rzan\u0105 podszewk\u0105, posiada\u0142 srebrn\u0105 obr\u0119cz o \u015brednicy 14 cm. Obr\u0119cz trzymana przez dwa anio\u0142y, a na woreczku znajdowa\u0142 si\u0119 haft, wykonany srebrn\u0105 nici\u0105: herb sojuszniczy von Rinnie i von Knuth oraz inskrypcja \u201eM C F v R gb v K\u201d i data 1764.<\/p>\n\n\n\n<p><strong>Nakrycie o\u0142tarza<\/strong><\/p>\n\n\n\n<p>By\u0142o zawieszone przy epitafium von Knuth\u00f3w. Wykonane z czerwonego jedwabiu ze srebrnymi fr\u0119dzlami i haftowanym monogramem: \u201eC.H.v.P S.M.v.F. ANNO 1700.<\/p>\n\n\n\n<p>Na wie\u017cy znajdowa\u0142y si\u0119 trzy dzwony. Jeden wykonany z br\u0105zu i odlany przez szczeci\u0144sk\u0105 firm\u0119 Voss w 1881 roku. Pozosta\u0142e dwa stalowe z roku 1924.<\/p>\n\n\n\n<p><strong>Opr\u00f3cz wymienionego powy\u017cej wyposa\u017cenia znajdowa\u0142o si\u0119 ponadto:<\/strong><\/p>\n\n\n\n<p><strong>Podstawa \u015bredniowiecznej chrzcielnicy.<\/strong> Sta\u0142a przed p\u00f3\u0142nocno-wschodnim portalem. Wysoko\u015b\u0107 0,64 m, \u015br. 0,33 m. Wykonana z granitu. Posiada\u0142a okr\u0105g\u0142y, nieco zw\u0119\u017caj\u0105cy si\u0119 trzon, u g\u00f3ry i u do\u0142u pier\u015bcienie.<\/p>\n\n\n\n<p><strong>Chrzcielnica drewniana<\/strong>, z pocz\u0105tku XX wieku,<\/p>\n\n\n\n<p><strong>Upami\u0119tnienie wojenne z lat 1813\u201315<\/strong>, drewniana tablica znajdowa\u0142a si\u0119 na p\u00f3\u0142nocnej \u015bcianie<\/p>\n\n\n\n<p><strong>Upami\u0119tnienie wojenne 1914\u201318<\/strong>, tablica drewniana<\/p>\n\n\n\n<p><strong>\u017byrandol mosi\u0119\u017cny<\/strong>, koniec XIX w<\/p>\n\n\n\n<p><strong>Dwa \u015bwieczniki o\u0142tarzowe<\/strong>, o wysoko\u015bci 92 cm, wykonany z nowego srebra (alpak), z ko\u0144ca XIX wieku<\/p>\n\n\n\n<p><strong>Kielich z paten\u0105<\/strong>, wykonany z &nbsp;miedzi, posrebrzany z 1886 roku<\/p>\n\n\n\n<p><strong>Puszka na komunikanty<\/strong>, posrebrzana z 1872 roku<\/p>\n\n\n\n<p><strong>Patena<\/strong> wykonana ze poz\u0142acanego srebra<\/p>\n\n\n\n<p>Do dzi\u015b w ko\u015bciele znajduj\u0105 si\u0119 ograny firmy Gr\u00fcneberga ze Szczecina o numerze opus 620 z roku 1910. Opr\u00f3cz nich znajduj\u0105 si\u0119 fisharmonia firmy Ernsta Hinkel z Ulm z pocz\u0105tku XX wieku.<\/p>\n\n\n\n<figure class=\"wp-block-image size-large\"><a href=\"http:\/\/historia-zachodniopomorskie.pl\/wp-content\/uploads\/2026\/04\/DSC00501_1200PB.jpg\"><img loading=\"lazy\" decoding=\"async\" width=\"1024\" height=\"683\" src=\"http:\/\/historia-zachodniopomorskie.pl\/wp-content\/uploads\/2026\/04\/DSC00501_1200PB-1024x683.jpg\" alt=\"\" class=\"wp-image-5689\" srcset=\"http:\/\/historia-zachodniopomorskie.pl\/wp-content\/uploads\/2026\/04\/DSC00501_1200PB-1024x683.jpg 1024w, http:\/\/historia-zachodniopomorskie.pl\/wp-content\/uploads\/2026\/04\/DSC00501_1200PB-300x200.jpg 300w, http:\/\/historia-zachodniopomorskie.pl\/wp-content\/uploads\/2026\/04\/DSC00501_1200PB-768x512.jpg 768w, http:\/\/historia-zachodniopomorskie.pl\/wp-content\/uploads\/2026\/04\/DSC00501_1200PB.jpg 1200w\" sizes=\"(max-width: 709px) 85vw, (max-width: 909px) 67vw, (max-width: 1362px) 62vw, 840px\" \/><\/a><\/figure>\n\n\n\n<p><em>fot. Organy Gr\u00fcneberga z Koniewa. Zdj\u0119cie Przemys\u0142aw Budziak<\/em><\/p>\n\n\n\n<p>Do 1945 roku, by\u0142 to ko\u015bci\u00f3\u0142 parafialny, posiadaj\u0105cy ko\u015bci\u00f3\u0142 filialny w Wiejkowie. Do parafii nale\u017ca\u0142y \u00f3wcze\u015bnie miejscowo\u015bci: Gaulitz (Gogolice), Gross Weckow (Wiejkowo), Klein Weckow (Wiejk\u00f3wko), Kunow (Koniewo), Paulsdorf (Skoszewo), Sager (Zag\u00f3rze), Schinchow (Sieniechowo).<\/p>\n\n\n\n<figure class=\"wp-block-image size-large\"><a href=\"http:\/\/historia-zachodniopomorskie.pl\/wp-content\/uploads\/2026\/04\/62dfb0ac-b7e7-4409-a5e7-738c4e1589b8.jpg\"><img loading=\"lazy\" decoding=\"async\" width=\"768\" height=\"1024\" src=\"http:\/\/historia-zachodniopomorskie.pl\/wp-content\/uploads\/2026\/04\/62dfb0ac-b7e7-4409-a5e7-738c4e1589b8-768x1024.jpg\" alt=\"\" class=\"wp-image-5649\" srcset=\"http:\/\/historia-zachodniopomorskie.pl\/wp-content\/uploads\/2026\/04\/62dfb0ac-b7e7-4409-a5e7-738c4e1589b8-768x1024.jpg 768w, http:\/\/historia-zachodniopomorskie.pl\/wp-content\/uploads\/2026\/04\/62dfb0ac-b7e7-4409-a5e7-738c4e1589b8-225x300.jpg 225w, http:\/\/historia-zachodniopomorskie.pl\/wp-content\/uploads\/2026\/04\/62dfb0ac-b7e7-4409-a5e7-738c4e1589b8-1152x1536.jpg 1152w, http:\/\/historia-zachodniopomorskie.pl\/wp-content\/uploads\/2026\/04\/62dfb0ac-b7e7-4409-a5e7-738c4e1589b8-1535x2048.jpg 1535w, http:\/\/historia-zachodniopomorskie.pl\/wp-content\/uploads\/2026\/04\/62dfb0ac-b7e7-4409-a5e7-738c4e1589b8-1200x1601.jpg 1200w, http:\/\/historia-zachodniopomorskie.pl\/wp-content\/uploads\/2026\/04\/62dfb0ac-b7e7-4409-a5e7-738c4e1589b8.jpg 1878w\" sizes=\"(max-width: 709px) 85vw, (max-width: 909px) 67vw, (max-width: 984px) 61vw, (max-width: 1362px) 45vw, 600px\" \/><\/a><\/figure>\n\n\n\n<figure class=\"wp-block-image size-large\"><a href=\"http:\/\/historia-zachodniopomorskie.pl\/wp-content\/uploads\/2026\/04\/62dfb0ac-b7e7-4409-a5e7-738c4e1589b8-2-\u2014-kopia.jpg\"><img loading=\"lazy\" decoding=\"async\" width=\"760\" height=\"1024\" src=\"http:\/\/historia-zachodniopomorskie.pl\/wp-content\/uploads\/2026\/04\/62dfb0ac-b7e7-4409-a5e7-738c4e1589b8-2-\u2014-kopia-760x1024.jpg\" alt=\"\" class=\"wp-image-5648\" srcset=\"http:\/\/historia-zachodniopomorskie.pl\/wp-content\/uploads\/2026\/04\/62dfb0ac-b7e7-4409-a5e7-738c4e1589b8-2-\u2014-kopia-760x1024.jpg 760w, http:\/\/historia-zachodniopomorskie.pl\/wp-content\/uploads\/2026\/04\/62dfb0ac-b7e7-4409-a5e7-738c4e1589b8-2-\u2014-kopia-223x300.jpg 223w, http:\/\/historia-zachodniopomorskie.pl\/wp-content\/uploads\/2026\/04\/62dfb0ac-b7e7-4409-a5e7-738c4e1589b8-2-\u2014-kopia-768x1035.jpg 768w, http:\/\/historia-zachodniopomorskie.pl\/wp-content\/uploads\/2026\/04\/62dfb0ac-b7e7-4409-a5e7-738c4e1589b8-2-\u2014-kopia-1140x1536.jpg 1140w, http:\/\/historia-zachodniopomorskie.pl\/wp-content\/uploads\/2026\/04\/62dfb0ac-b7e7-4409-a5e7-738c4e1589b8-2-\u2014-kopia-1520x2048.jpg 1520w, http:\/\/historia-zachodniopomorskie.pl\/wp-content\/uploads\/2026\/04\/62dfb0ac-b7e7-4409-a5e7-738c4e1589b8-2-\u2014-kopia-1200x1617.jpg 1200w, http:\/\/historia-zachodniopomorskie.pl\/wp-content\/uploads\/2026\/04\/62dfb0ac-b7e7-4409-a5e7-738c4e1589b8-2-\u2014-kopia.jpg 1885w\" sizes=\"(max-width: 709px) 85vw, (max-width: 909px) 67vw, (max-width: 984px) 61vw, (max-width: 1362px) 45vw, 600px\" \/><\/a><\/figure>\n\n\n\n<p><em>fot. Ko\u015bci\u00f3\u0142 w roku 1910. Zdj\u0119cia z portalu polona.pl<\/em><\/p>\n\n\n\n<p>Po zako\u0144czeniu II wojny \u015bwiatowej i przej\u0119ciu tych teren\u00f3w przez Rzeczpospolit\u0105, ko\u015bci\u00f3\u0142 zosta\u0142 przej\u0119ty przez katolik\u00f3w. W dniu 13 pa\u017adziernika 1946 roku zosta\u0142 po\u015bwi\u0119cony pod wezwaniem Matki Boskiej Cz\u0119stochowskiej. Od 1957 r. jest ko\u015bcio\u0142em filialnym parafii pw. Chrystusa Kr\u00f3la w \u017barnowie. W owym czasie usuni\u0119to wszystkie epitafia oraz tablice, barierki przed o\u0142tarzem, \u0142awki. W latach 1991-1993 przeprowadzono konserwacj\u0119 malowide\u0142 na stropie nawy. Renowacj\u0119 przeprowadzi\u0142 Stefan W\u00f3jcik ze S\u0142upska. W 1993 po\u0142o\u017cono now\u0105 posadzk\u0119 z p\u0142ytek lastrykowych w nawie, naprawiono i zaimpregnowano wi\u0119\u017ab\u0119 dachow\u0105, prze\u0142o\u017cono dach\u00f3wk\u0119 i wymieniono instalacj\u0119 elektryczn\u0105. W 1996 pomalowano wn\u0119trze ko\u015bcio\u0142a i wykonano konserwacj\u0119 zacheuszk\u00f3w. W 1997 wykonano remont wie\u017cy: zaimpregnowano elementy drewniane, wymieniono zniszczone fragmenty pokrycia he\u0142mu, wbudowano pod wie\u017c\u0119 now\u0105 drewnian\u0105 krucht\u0119 i u\u0142o\u017cono w niej ceramiczn\u0105 posadzk\u0119.<\/p>\n\n\n\n<figure class=\"wp-block-image size-large\"><a href=\"http:\/\/historia-zachodniopomorskie.pl\/wp-content\/uploads\/2026\/04\/DSC01539_1200PB.jpg\"><img loading=\"lazy\" decoding=\"async\" width=\"1024\" height=\"683\" src=\"http:\/\/historia-zachodniopomorskie.pl\/wp-content\/uploads\/2026\/04\/DSC01539_1200PB-1024x683.jpg\" alt=\"\" class=\"wp-image-5707\" srcset=\"http:\/\/historia-zachodniopomorskie.pl\/wp-content\/uploads\/2026\/04\/DSC01539_1200PB-1024x683.jpg 1024w, http:\/\/historia-zachodniopomorskie.pl\/wp-content\/uploads\/2026\/04\/DSC01539_1200PB-300x200.jpg 300w, http:\/\/historia-zachodniopomorskie.pl\/wp-content\/uploads\/2026\/04\/DSC01539_1200PB-768x512.jpg 768w, http:\/\/historia-zachodniopomorskie.pl\/wp-content\/uploads\/2026\/04\/DSC01539_1200PB.jpg 1200w\" sizes=\"(max-width: 709px) 85vw, (max-width: 909px) 67vw, (max-width: 1362px) 62vw, 840px\" \/><\/a><\/figure>\n\n\n\n<figure class=\"wp-block-image size-large\"><a href=\"http:\/\/historia-zachodniopomorskie.pl\/wp-content\/uploads\/2026\/04\/DSC01529_1200PB.jpg\"><img loading=\"lazy\" decoding=\"async\" width=\"1024\" height=\"683\" src=\"http:\/\/historia-zachodniopomorskie.pl\/wp-content\/uploads\/2026\/04\/DSC01529_1200PB-1024x683.jpg\" alt=\"\" class=\"wp-image-5706\" srcset=\"http:\/\/historia-zachodniopomorskie.pl\/wp-content\/uploads\/2026\/04\/DSC01529_1200PB-1024x683.jpg 1024w, http:\/\/historia-zachodniopomorskie.pl\/wp-content\/uploads\/2026\/04\/DSC01529_1200PB-300x200.jpg 300w, http:\/\/historia-zachodniopomorskie.pl\/wp-content\/uploads\/2026\/04\/DSC01529_1200PB-768x512.jpg 768w, http:\/\/historia-zachodniopomorskie.pl\/wp-content\/uploads\/2026\/04\/DSC01529_1200PB.jpg 1200w\" sizes=\"(max-width: 709px) 85vw, (max-width: 909px) 67vw, (max-width: 1362px) 62vw, 840px\" \/><\/a><\/figure>\n\n\n\n<figure class=\"wp-block-image size-large\"><a href=\"http:\/\/historia-zachodniopomorskie.pl\/wp-content\/uploads\/2026\/04\/DSC00530_1200PB.jpg\"><img loading=\"lazy\" decoding=\"async\" width=\"683\" height=\"1024\" src=\"http:\/\/historia-zachodniopomorskie.pl\/wp-content\/uploads\/2026\/04\/DSC00530_1200PB-683x1024.jpg\" alt=\"\" class=\"wp-image-5695\" srcset=\"http:\/\/historia-zachodniopomorskie.pl\/wp-content\/uploads\/2026\/04\/DSC00530_1200PB-683x1024.jpg 683w, http:\/\/historia-zachodniopomorskie.pl\/wp-content\/uploads\/2026\/04\/DSC00530_1200PB-200x300.jpg 200w, http:\/\/historia-zachodniopomorskie.pl\/wp-content\/uploads\/2026\/04\/DSC00530_1200PB-768x1152.jpg 768w, http:\/\/historia-zachodniopomorskie.pl\/wp-content\/uploads\/2026\/04\/DSC00530_1200PB.jpg 800w\" sizes=\"(max-width: 709px) 85vw, (max-width: 909px) 67vw, (max-width: 984px) 61vw, (max-width: 1362px) 45vw, 600px\" \/><\/a><\/figure>\n\n\n\n<figure class=\"wp-block-image size-large\"><a href=\"http:\/\/historia-zachodniopomorskie.pl\/wp-content\/uploads\/2026\/04\/DSC00485_1200PB.jpg\"><img loading=\"lazy\" decoding=\"async\" width=\"1024\" height=\"683\" src=\"http:\/\/historia-zachodniopomorskie.pl\/wp-content\/uploads\/2026\/04\/DSC00485_1200PB-1024x683.jpg\" alt=\"\" class=\"wp-image-5688\" srcset=\"http:\/\/historia-zachodniopomorskie.pl\/wp-content\/uploads\/2026\/04\/DSC00485_1200PB-1024x683.jpg 1024w, http:\/\/historia-zachodniopomorskie.pl\/wp-content\/uploads\/2026\/04\/DSC00485_1200PB-300x200.jpg 300w, http:\/\/historia-zachodniopomorskie.pl\/wp-content\/uploads\/2026\/04\/DSC00485_1200PB-768x512.jpg 768w, http:\/\/historia-zachodniopomorskie.pl\/wp-content\/uploads\/2026\/04\/DSC00485_1200PB.jpg 1200w\" sizes=\"(max-width: 709px) 85vw, (max-width: 909px) 67vw, (max-width: 1362px) 62vw, 840px\" \/><\/a><\/figure>\n\n\n\n<figure class=\"wp-block-image size-large\"><a href=\"http:\/\/historia-zachodniopomorskie.pl\/wp-content\/uploads\/2026\/04\/DSC00555_1200PB.jpg\"><img loading=\"lazy\" decoding=\"async\" width=\"1024\" height=\"683\" src=\"http:\/\/historia-zachodniopomorskie.pl\/wp-content\/uploads\/2026\/04\/DSC00555_1200PB-1024x683.jpg\" alt=\"\" class=\"wp-image-5705\" srcset=\"http:\/\/historia-zachodniopomorskie.pl\/wp-content\/uploads\/2026\/04\/DSC00555_1200PB-1024x683.jpg 1024w, http:\/\/historia-zachodniopomorskie.pl\/wp-content\/uploads\/2026\/04\/DSC00555_1200PB-300x200.jpg 300w, http:\/\/historia-zachodniopomorskie.pl\/wp-content\/uploads\/2026\/04\/DSC00555_1200PB-768x512.jpg 768w, http:\/\/historia-zachodniopomorskie.pl\/wp-content\/uploads\/2026\/04\/DSC00555_1200PB.jpg 1200w\" sizes=\"(max-width: 709px) 85vw, (max-width: 909px) 67vw, (max-width: 1362px) 62vw, 840px\" \/><\/a><\/figure>\n\n\n\n<figure class=\"wp-block-image size-large\"><a href=\"http:\/\/historia-zachodniopomorskie.pl\/wp-content\/uploads\/2026\/04\/DSC00536_1200PB.jpg\"><img loading=\"lazy\" decoding=\"async\" width=\"1024\" height=\"683\" src=\"http:\/\/historia-zachodniopomorskie.pl\/wp-content\/uploads\/2026\/04\/DSC00536_1200PB-1024x683.jpg\" alt=\"\" class=\"wp-image-5700\" srcset=\"http:\/\/historia-zachodniopomorskie.pl\/wp-content\/uploads\/2026\/04\/DSC00536_1200PB-1024x683.jpg 1024w, http:\/\/historia-zachodniopomorskie.pl\/wp-content\/uploads\/2026\/04\/DSC00536_1200PB-300x200.jpg 300w, http:\/\/historia-zachodniopomorskie.pl\/wp-content\/uploads\/2026\/04\/DSC00536_1200PB-768x512.jpg 768w, http:\/\/historia-zachodniopomorskie.pl\/wp-content\/uploads\/2026\/04\/DSC00536_1200PB.jpg 1200w\" sizes=\"(max-width: 709px) 85vw, (max-width: 909px) 67vw, (max-width: 1362px) 62vw, 840px\" \/><\/a><\/figure>\n\n\n\n<figure class=\"wp-block-image size-large\"><a href=\"http:\/\/historia-zachodniopomorskie.pl\/wp-content\/uploads\/2026\/04\/DSC01560_1200PB.jpg\"><img loading=\"lazy\" decoding=\"async\" width=\"768\" height=\"1024\" src=\"http:\/\/historia-zachodniopomorskie.pl\/wp-content\/uploads\/2026\/04\/DSC01560_1200PB-768x1024.jpg\" alt=\"\" class=\"wp-image-5710\" srcset=\"http:\/\/historia-zachodniopomorskie.pl\/wp-content\/uploads\/2026\/04\/DSC01560_1200PB-768x1024.jpg 768w, http:\/\/historia-zachodniopomorskie.pl\/wp-content\/uploads\/2026\/04\/DSC01560_1200PB-225x300.jpg 225w, http:\/\/historia-zachodniopomorskie.pl\/wp-content\/uploads\/2026\/04\/DSC01560_1200PB.jpg 900w\" sizes=\"(max-width: 709px) 85vw, (max-width: 909px) 67vw, (max-width: 984px) 61vw, (max-width: 1362px) 45vw, 600px\" \/><\/a><\/figure>\n\n\n\n<figure class=\"wp-block-image size-large\"><a href=\"http:\/\/historia-zachodniopomorskie.pl\/wp-content\/uploads\/2026\/04\/DSC00474_1200PB.jpg\"><img loading=\"lazy\" decoding=\"async\" width=\"1024\" height=\"683\" src=\"http:\/\/historia-zachodniopomorskie.pl\/wp-content\/uploads\/2026\/04\/DSC00474_1200PB-1024x683.jpg\" alt=\"\" class=\"wp-image-5687\" srcset=\"http:\/\/historia-zachodniopomorskie.pl\/wp-content\/uploads\/2026\/04\/DSC00474_1200PB-1024x683.jpg 1024w, http:\/\/historia-zachodniopomorskie.pl\/wp-content\/uploads\/2026\/04\/DSC00474_1200PB-300x200.jpg 300w, http:\/\/historia-zachodniopomorskie.pl\/wp-content\/uploads\/2026\/04\/DSC00474_1200PB-768x512.jpg 768w, http:\/\/historia-zachodniopomorskie.pl\/wp-content\/uploads\/2026\/04\/DSC00474_1200PB.jpg 1200w\" sizes=\"(max-width: 709px) 85vw, (max-width: 909px) 67vw, (max-width: 1362px) 62vw, 840px\" \/><\/a><\/figure>\n\n\n\n<p><em>fot. Zdj\u0119cia ko\u015bcio\u0142a w Koniewie. Autor zdj\u0119\u0107 Przemys\u0142aw Budziak<\/em><\/p>\n\n\n\n<p><\/p>\n","protected":false},"excerpt":{"rendered":"<p>Pierwsza wzmianka o ko\u015bciele pochodzi z 1288 roku, kiedy to nale\u017cy do klasztoru cysterek z Wolina. W 1311 roku wymieniany jest proboszcz \u2013\u201edominus Johannes\u201d. \u00d3wczesny ko\u015bci\u00f3\u0142 pw. \u015bw. Bart\u0142omieja, wzniesiono po \u015brodku wsi, na terenie cmentarza. Jest to budowla \u015bredniowieczna, wzniesiona z kamienia polnego. W p\u00f3\u017aniejszych latach rozbudowywana. fot. Ko\u015bci\u00f3\u0142 w Koniewie. Zdj\u0119cie Przemys\u0142aw Budziak<\/p>\n","protected":false},"author":2,"featured_media":0,"comment_status":"open","ping_status":"open","sticky":false,"template":"","format":"standard","meta":{"footnotes":""},"categories":[125,9,119],"tags":[],"class_list":["post-5639","post","type-post","status-publish","format-standard","hentry","category-gmina-wolin","category-koscioly","category-powiat-kamienski"],"_links":{"self":[{"href":"http:\/\/historia-zachodniopomorskie.pl\/index.php?rest_route=\/wp\/v2\/posts\/5639"}],"collection":[{"href":"http:\/\/historia-zachodniopomorskie.pl\/index.php?rest_route=\/wp\/v2\/posts"}],"about":[{"href":"http:\/\/historia-zachodniopomorskie.pl\/index.php?rest_route=\/wp\/v2\/types\/post"}],"author":[{"embeddable":true,"href":"http:\/\/historia-zachodniopomorskie.pl\/index.php?rest_route=\/wp\/v2\/users\/2"}],"replies":[{"embeddable":true,"href":"http:\/\/historia-zachodniopomorskie.pl\/index.php?rest_route=%2Fwp%2Fv2%2Fcomments&post=5639"}],"version-history":[{"count":28,"href":"http:\/\/historia-zachodniopomorskie.pl\/index.php?rest_route=\/wp\/v2\/posts\/5639\/revisions"}],"predecessor-version":[{"id":5721,"href":"http:\/\/historia-zachodniopomorskie.pl\/index.php?rest_route=\/wp\/v2\/posts\/5639\/revisions\/5721"}],"wp:attachment":[{"href":"http:\/\/historia-zachodniopomorskie.pl\/index.php?rest_route=%2Fwp%2Fv2%2Fmedia&parent=5639"}],"wp:term":[{"taxonomy":"category","embeddable":true,"href":"http:\/\/historia-zachodniopomorskie.pl\/index.php?rest_route=%2Fwp%2Fv2%2Fcategories&post=5639"},{"taxonomy":"post_tag","embeddable":true,"href":"http:\/\/historia-zachodniopomorskie.pl\/index.php?rest_route=%2Fwp%2Fv2%2Ftags&post=5639"}],"curies":[{"name":"wp","href":"https:\/\/api.w.org\/{rel}","templated":true}]}}