{"id":355,"date":"2026-04-29T06:52:02","date_gmt":"2026-04-29T06:52:02","guid":{"rendered":"http:\/\/historia-zachodniopomorskie.pl\/?p=355"},"modified":"2026-04-29T06:52:03","modified_gmt":"2026-04-29T06:52:03","slug":"budzieszowce-do-1945-korkenhagen","status":"publish","type":"post","link":"http:\/\/historia-zachodniopomorskie.pl\/?p=355","title":{"rendered":"Budzieszowce (do 1945 Korkenhagen)"},"content":{"rendered":"\n<p>Wie\u015b zlokalizowana jest pomi\u0119dzy jeziorami Lechickim i Budzieszowce, bezpo\u015brednio na po\u0142udniowy zach\u00f3d od Jaros\u0142awek, od kt\u00f3rych oddziela j\u0105 tylko ciek \u0142\u0105cz\u0105cy oba jeziora.<\/p>\n\n\n\n<p>Czas powstania Budzieszowic nie jest znany, najprawdopodobniej wi\u0105\u017ce si\u0119 ze \u015bredniowieczem. Pierwsza wzmianka o wsi pochodzi z 1338 roku, kiedy to biskup kamie\u0144ski Fryderyk, pozwoli\u0142 miejscowemu proboszczowi na roczne funkcjonowanie bractwa kalandowego czyli stowarzyszenia religijnego. By\u0142 to maj\u0105tek rycerski &#8211; stare lenno rodu von Stettin.<\/p>\n\n\n\n<figure class=\"wp-block-image size-large\"><a href=\"http:\/\/historia-zachodniopomorskie.pl\/wp-content\/uploads\/2026\/04\/100_0299-scaled.jpg\"><img fetchpriority=\"high\" decoding=\"async\" width=\"1024\" height=\"577\" src=\"http:\/\/historia-zachodniopomorskie.pl\/wp-content\/uploads\/2026\/04\/100_0299-1024x577.jpg\" alt=\"\" class=\"wp-image-5780\" srcset=\"http:\/\/historia-zachodniopomorskie.pl\/wp-content\/uploads\/2026\/04\/100_0299-1024x577.jpg 1024w, http:\/\/historia-zachodniopomorskie.pl\/wp-content\/uploads\/2026\/04\/100_0299-300x169.jpg 300w, http:\/\/historia-zachodniopomorskie.pl\/wp-content\/uploads\/2026\/04\/100_0299-768x433.jpg 768w, http:\/\/historia-zachodniopomorskie.pl\/wp-content\/uploads\/2026\/04\/100_0299-1536x866.jpg 1536w, http:\/\/historia-zachodniopomorskie.pl\/wp-content\/uploads\/2026\/04\/100_0299-2048x1155.jpg 2048w, http:\/\/historia-zachodniopomorskie.pl\/wp-content\/uploads\/2026\/04\/100_0299-1200x676.jpg 1200w\" sizes=\"(max-width: 709px) 85vw, (max-width: 909px) 67vw, (max-width: 1362px) 62vw, 840px\" \/><\/a><\/figure>\n\n\n\n<p><em>fot. Jeden z budynk\u00f3w w Budzieszowcach<\/em><\/p>\n\n\n\n<!--more-->\n\n\n\n<p>W XVI w. wybudowano obecny ko\u015bci\u00f3\u0142. Od oko\u0142o po\u0142owy 1742 roku jest to w\u0142asno\u015b\u0107 rodu von Perband, p\u00f3\u017aniej bardzo cz\u0119ste zmiany w\u0142a\u015bcicieli. W roku 1764 maj\u0105tek przeszed\u0142 za kwot\u0119 17000 talar\u00f3w na w\u0142asno\u015b\u0107 Heinricha Levina von Bredow. On za\u015b w dniu 9 listopada 1764 roku sprzeda\u0142 go za t\u0105 sam\u0105 cen\u0119 Franzowi Berendowi Johannowi Sigismundowi von Flemming. Budzieszowce sk\u0142ada\u0142y si\u0119 z maj\u0105tku rycerskiego oraz za\u0142o\u017cony przez von Perbandta na gruntach rolnych folwark Friederikenhof (Dobros\u0142awiec), m\u0142yn wodny, wiatrak, 1 karczmarz , 1 kowal i zagrodnik. W konsekwencji regulacji grunt\u00f3w i wykupu, ca\u0142a w\u0142asno\u015b\u0107 ch\u0142opska przesz\u0142a ju\u017c w XVIII stuleciu do maj\u0105tku. Po 12- letnim posiadaniu Franz von Flemming sprzeda\u0142 2 maja 1782 roku Budzieszowce, wraz z dwoma nabytymi wcze\u015bniej gospodarstwami ch\u0142opskimi w s\u0105siedniej wsi Neuendorf (Jaros\u0142awki), za sum\u0119 18600 talar\u00f3w, Karlowi Otto von Blankenburg.<\/p>\n\n\n\n<figure class=\"wp-block-image size-large\"><a href=\"http:\/\/historia-zachodniopomorskie.pl\/wp-content\/uploads\/2026\/04\/100_0285-scaled.jpg\"><img decoding=\"async\" width=\"1024\" height=\"577\" src=\"http:\/\/historia-zachodniopomorskie.pl\/wp-content\/uploads\/2026\/04\/100_0285-1024x577.jpg\" alt=\"\" class=\"wp-image-5778\" srcset=\"http:\/\/historia-zachodniopomorskie.pl\/wp-content\/uploads\/2026\/04\/100_0285-1024x577.jpg 1024w, http:\/\/historia-zachodniopomorskie.pl\/wp-content\/uploads\/2026\/04\/100_0285-300x169.jpg 300w, http:\/\/historia-zachodniopomorskie.pl\/wp-content\/uploads\/2026\/04\/100_0285-768x433.jpg 768w, http:\/\/historia-zachodniopomorskie.pl\/wp-content\/uploads\/2026\/04\/100_0285-1536x866.jpg 1536w, http:\/\/historia-zachodniopomorskie.pl\/wp-content\/uploads\/2026\/04\/100_0285-2048x1155.jpg 2048w, http:\/\/historia-zachodniopomorskie.pl\/wp-content\/uploads\/2026\/04\/100_0285-1200x676.jpg 1200w\" sizes=\"(max-width: 709px) 85vw, (max-width: 909px) 67vw, (max-width: 1362px) 62vw, 840px\" \/><\/a><\/figure>\n\n\n\n<p><em>fot. Ko\u015bci\u00f3\u0142 , zdj\u0119cie Wojciech Janda<\/em><\/p>\n\n\n\n<p>W 1785 r. przeprowadzono &#8211; dzi\u0119ki dotacjom kr\u00f3la Fryderyka II &#8211; prace melioracyjne na wielk\u0105 skal\u0119 (koszt: 4.500 talar\u00f3w). Mia\u0142o to istotne znaczenie, gdy\u017c ziemie nale\u017c\u0105ce do Budzieszowic le\u017ca\u0142y na podmok\u0142ym, przyjeziornym terenie.<\/p>\n\n\n\n<figure class=\"wp-block-image size-large\"><a href=\"http:\/\/historia-zachodniopomorskie.pl\/wp-content\/uploads\/2026\/04\/100_0295-scaled.jpg\"><img decoding=\"async\" width=\"577\" height=\"1024\" src=\"http:\/\/historia-zachodniopomorskie.pl\/wp-content\/uploads\/2026\/04\/100_0295-577x1024.jpg\" alt=\"\" class=\"wp-image-5779\" srcset=\"http:\/\/historia-zachodniopomorskie.pl\/wp-content\/uploads\/2026\/04\/100_0295-577x1024.jpg 577w, http:\/\/historia-zachodniopomorskie.pl\/wp-content\/uploads\/2026\/04\/100_0295-169x300.jpg 169w, http:\/\/historia-zachodniopomorskie.pl\/wp-content\/uploads\/2026\/04\/100_0295-768x1362.jpg 768w, http:\/\/historia-zachodniopomorskie.pl\/wp-content\/uploads\/2026\/04\/100_0295-866x1536.jpg 866w, http:\/\/historia-zachodniopomorskie.pl\/wp-content\/uploads\/2026\/04\/100_0295-1155x2048.jpg 1155w, http:\/\/historia-zachodniopomorskie.pl\/wp-content\/uploads\/2026\/04\/100_0295-1200x2129.jpg 1200w, http:\/\/historia-zachodniopomorskie.pl\/wp-content\/uploads\/2026\/04\/100_0295-scaled.jpg 1443w\" sizes=\"(max-width: 577px) 85vw, 577px\" \/><\/a><\/figure>\n\n\n\n<p><em>fot. Ulica przy ko\u015bciele. Fot. Wojciech Janda<\/em><\/p>\n\n\n\n<p>W roku 1872 maj\u0105tek liczy\u0142 2442 mg grunt\u00f3w, 9 budynk\u00f3w mieszkalnych, 2 rzemie\u015blnicze, ponadto m\u0142yn wodny i wiatrak holenderski. Innych zabudowa\u0144 &#8211; wolnych od op\u0142at czynszowych &#8211; by\u0142o 21. Budzieszowce zwi\u0105zane by\u0142y &#8211; przynajmniej od XVIII w. z s\u0105siednimi Jaros\u0142awkami poprzez wsp\u00f3lnego w\u0142a\u015bciciela. I tak np. ko\u015bci\u00f3\u0142 w Budzieszowcach obs\u0142ugiwa\u0142 ludno\u015b\u0107 Jaros\u0142awek, w kt\u00f3rych z kolei by\u0142a zagroda ko\u015bcielna oraz szko\u0142a &#8211; tak\u017ce dla dzieci z Budzieszowic. Na podstawie dost\u0119pnych \u017ar\u00f3de\u0142 nie mo\u017cna przes\u0105dzi\u0107, gdzie znajdowa\u0142a si\u0119 g\u0142\u00f3wna rezydencja. Za\u0142o\u017cenie parkowe przemawia za Jaros\u0142awkami, wielko\u015b\u0107 folwarku i powi\u0105zanie z ko\u015bcio\u0142em &#8211; za Budzieszowcami. Nie wykluczone, \u017ce rezydencje by\u0142y w obu miejscowo\u015bciach.<\/p>\n\n\n\n<p>&nbsp;W 1892 r. w\u0142a\u015bcicielem by\u0142a rodzina Mass, folwark mia\u0142 603 ha, ponadto nale\u017ca\u0142 do niego m\u0142yn wodny i krochmalnia. Przypuszczalnie na prze\u0142omie XIX i XX w. mia\u0142y miejsce znacz\u0105ce zmiany. W 1905 r. jako w\u0142a\u015bciciel wymieniana jest rodzina von Petersdorff z Gro\u00dfenhagen (Tarnowo), za\u015b grunty folwarku zmniejszaj\u0105 si\u0119 do 155 ha. Zapewne cz\u0119\u015b\u0107 ziem sprzedano, tworz\u0105c na nich koloni\u0119 rolnicz\u0105. Do co najmniej 1920 roku nazwisko w\u0142a\u015bcicieli folwarku oraz wielko\u015b\u0107 area\u0142u pozostaj\u0105 bez zmian. Folwark okre\u015blany jest mianem reszt\u00f3wki. Ostatnie dane z 1939 r. nie wymieniaj\u0105 ju\u017c folwarku, lecz jedynie &#8222;dawne gospodarstwo&#8221; o pow. 77 ha i 9 zabudowa\u0144 rolniczych (20-37 ha).<\/p>\n\n\n\n<figure class=\"wp-block-image size-full\"><a href=\"http:\/\/historia-zachodniopomorskie.pl\/wp-content\/uploads\/2026\/04\/Korkenhagen.jpg\"><img loading=\"lazy\" decoding=\"async\" width=\"480\" height=\"613\" src=\"http:\/\/historia-zachodniopomorskie.pl\/wp-content\/uploads\/2026\/04\/Korkenhagen.jpg\" alt=\"\" class=\"wp-image-5781\" srcset=\"http:\/\/historia-zachodniopomorskie.pl\/wp-content\/uploads\/2026\/04\/Korkenhagen.jpg 480w, http:\/\/historia-zachodniopomorskie.pl\/wp-content\/uploads\/2026\/04\/Korkenhagen-235x300.jpg 235w\" sizes=\"(max-width: 480px) 85vw, 480px\" \/><\/a><\/figure>\n\n\n\n<p style=\"font-size:15px\"><em>fot. Zdj\u0119cie przes\u0142ane przez Carstena Ahrent-Kratz<\/em><\/p>\n\n\n\n<p>Na koniec jeszcze ciekawostka, i\u017c w Budzieszowcach w dniu 24 listopada 1863 urodzi\u0142 si\u0119 niemiecki kontradmira\u0142 Leberecht Maass. W roku 1883 wst\u0105pi\u0142 do Marynarki Cesarskiej. Awansowa\u0142 nast\u0119pnie na stopnie oficerskie. W latach 1893-1895 dowodzi\u0142 torpedowcami, w latach 1898-1901 flotyll\u0105 torpedowc\u00f3w. Od 1903 do 1906 zajmowa\u0142 stanowisko dow\u00f3dcy oddzia\u0142u broni torpedowych. Od pa\u017adziernika 1906 do marca 1908 by\u0142 dyrektorem szko\u0142y Marynarki Wojennej. 7 marca 1908 otrzyma\u0142 stopie\u0144 komandora (Kapit\u00e4n zur See). Od kwietnia 1908 do marca 1909 dowodzi\u0142 kr\u0105\u017cownikiem SMS &#8222;Freya&#8221;, od marca 1909 do czerwca 1910 kr\u0105\u017cownikiem pancernym SMS Scharnhorst, od sierpnia do wrze\u015bnia 1910 przej\u015bciowo pancernikiem SMS &#8222;Wei\u00dfenburg&#8221;. Zgin\u0105\u0142 w czasie bitwy pod Helgolandem 24 sierpnia 1914 roku na swoim okr\u0119cie flagowym SMS \u201eColn\u201d. By\u0142a to pierwsza wielka bitwa morska podczas I wojny \u015bwiatowej, a Leberecht by\u0142 pierwszym admira\u0142em poleg\u0142ym w I W\u015a. W 1937 roku zwodowano niszczyciel, kt\u00f3remu nadano nazw\u0119 \u201eLeberecht Maass\u201d. Uczestniczy\u0142 on mi\u0119dzy innymi w agresji Niemiec na Polsk\u0119. 3 wrze\u015bnia stoczy\u0142 pojedynek artyleryjski z polskimi okr\u0119tami: ORP Wicher i ORP Gryf.<\/p>\n\n\n<div class=\"wp-block-image\">\n<figure class=\"aligncenter size-large\"><a href=\"http:\/\/historia-zachodniopomorskie.pl\/wp-content\/uploads\/2020\/03\/Leberecht_Maass.jpg\"><img loading=\"lazy\" decoding=\"async\" width=\"589\" height=\"1024\" src=\"http:\/\/historia-zachodniopomorskie.pl\/wp-content\/uploads\/2020\/03\/Leberecht_Maass-589x1024.jpg\" alt=\"\" class=\"wp-image-357\" srcset=\"http:\/\/historia-zachodniopomorskie.pl\/wp-content\/uploads\/2020\/03\/Leberecht_Maass-589x1024.jpg 589w, http:\/\/historia-zachodniopomorskie.pl\/wp-content\/uploads\/2020\/03\/Leberecht_Maass-172x300.jpg 172w, http:\/\/historia-zachodniopomorskie.pl\/wp-content\/uploads\/2020\/03\/Leberecht_Maass-768x1336.jpg 768w, http:\/\/historia-zachodniopomorskie.pl\/wp-content\/uploads\/2020\/03\/Leberecht_Maass.jpg 800w\" sizes=\"(max-width: 589px) 85vw, 589px\" \/><\/a><\/figure><\/div>\n\n\n<p><em> fot. Kontradmira\u0142 Leberecht Mass<\/em><\/p>\n\n\n\n<figure class=\"wp-block-image size-large\"><a href=\"http:\/\/historia-zachodniopomorskie.pl\/wp-content\/uploads\/2020\/03\/2456_Debice_1948-\u2014-kopia-1.jpg\"><img loading=\"lazy\" decoding=\"async\" width=\"1024\" height=\"965\" src=\"http:\/\/historia-zachodniopomorskie.pl\/wp-content\/uploads\/2020\/03\/2456_Debice_1948-\u2014-kopia-1-1024x965.jpg\" alt=\"\" class=\"wp-image-352\" srcset=\"http:\/\/historia-zachodniopomorskie.pl\/wp-content\/uploads\/2020\/03\/2456_Debice_1948-\u2014-kopia-1-1024x965.jpg 1024w, http:\/\/historia-zachodniopomorskie.pl\/wp-content\/uploads\/2020\/03\/2456_Debice_1948-\u2014-kopia-1-300x283.jpg 300w, http:\/\/historia-zachodniopomorskie.pl\/wp-content\/uploads\/2020\/03\/2456_Debice_1948-\u2014-kopia-1-768x724.jpg 768w, http:\/\/historia-zachodniopomorskie.pl\/wp-content\/uploads\/2020\/03\/2456_Debice_1948-\u2014-kopia-1.jpg 1132w\" sizes=\"(max-width: 709px) 85vw, (max-width: 909px) 67vw, (max-width: 1362px) 62vw, 840px\" \/><\/a><\/figure>\n\n\n\n<p><em>fot. Mapa Budzieszewic z 1921 roku<\/em><\/p>\n\n\n\n<p style=\"font-size:15px\"><\/p>\n","protected":false},"excerpt":{"rendered":"<p>Wie\u015b zlokalizowana jest pomi\u0119dzy jeziorami Lechickim i Budzieszowce, bezpo\u015brednio na po\u0142udniowy zach\u00f3d od Jaros\u0142awek, od kt\u00f3rych oddziela j\u0105 tylko ciek \u0142\u0105cz\u0105cy oba jeziora. Czas powstania Budzieszowic nie jest znany, najprawdopodobniej wi\u0105\u017ce si\u0119 ze \u015bredniowieczem. Pierwsza wzmianka o wsi pochodzi z 1338 roku, kiedy to biskup kamie\u0144ski Fryderyk, pozwoli\u0142 miejscowemu proboszczowi na roczne funkcjonowanie bractwa kalandowego &hellip; <a href=\"http:\/\/historia-zachodniopomorskie.pl\/?p=355\" class=\"more-link\">Czytaj dalej<span class=\"screen-reader-text\"> \u201eBudzieszowce (do 1945 Korkenhagen)\u201d<\/span><\/a><\/p>\n","protected":false},"author":2,"featured_media":0,"comment_status":"open","ping_status":"open","sticky":false,"template":"","format":"standard","meta":{"footnotes":""},"categories":[5,1,2],"tags":[],"class_list":["post-355","post","type-post","status-publish","format-standard","hentry","category-gmina-maszewo","category-uncategorized","category-powiat-goleniowski"],"_links":{"self":[{"href":"http:\/\/historia-zachodniopomorskie.pl\/index.php?rest_route=\/wp\/v2\/posts\/355"}],"collection":[{"href":"http:\/\/historia-zachodniopomorskie.pl\/index.php?rest_route=\/wp\/v2\/posts"}],"about":[{"href":"http:\/\/historia-zachodniopomorskie.pl\/index.php?rest_route=\/wp\/v2\/types\/post"}],"author":[{"embeddable":true,"href":"http:\/\/historia-zachodniopomorskie.pl\/index.php?rest_route=\/wp\/v2\/users\/2"}],"replies":[{"embeddable":true,"href":"http:\/\/historia-zachodniopomorskie.pl\/index.php?rest_route=%2Fwp%2Fv2%2Fcomments&post=355"}],"version-history":[{"count":13,"href":"http:\/\/historia-zachodniopomorskie.pl\/index.php?rest_route=\/wp\/v2\/posts\/355\/revisions"}],"predecessor-version":[{"id":5851,"href":"http:\/\/historia-zachodniopomorskie.pl\/index.php?rest_route=\/wp\/v2\/posts\/355\/revisions\/5851"}],"wp:attachment":[{"href":"http:\/\/historia-zachodniopomorskie.pl\/index.php?rest_route=%2Fwp%2Fv2%2Fmedia&parent=355"}],"wp:term":[{"taxonomy":"category","embeddable":true,"href":"http:\/\/historia-zachodniopomorskie.pl\/index.php?rest_route=%2Fwp%2Fv2%2Fcategories&post=355"},{"taxonomy":"post_tag","embeddable":true,"href":"http:\/\/historia-zachodniopomorskie.pl\/index.php?rest_route=%2Fwp%2Fv2%2Ftags&post=355"}],"curies":[{"name":"wp","href":"https:\/\/api.w.org\/{rel}","templated":true}]}}