{"id":1013,"date":"2024-12-28T13:40:38","date_gmt":"2024-12-28T13:40:38","guid":{"rendered":"http:\/\/historia-zachodniopomorskie.pl\/?p=1013"},"modified":"2025-02-15T13:53:42","modified_gmt":"2025-02-15T13:53:42","slug":"przybiernow-do-1945-pribbernow","status":"publish","type":"post","link":"http:\/\/historia-zachodniopomorskie.pl\/?p=1013","title":{"rendered":"Przybiern\u00f3w (do 1945 roku: Pribbernow)"},"content":{"rendered":"\n<p>Wie\u015b le\u017cy przy trasie S-3 \u0142\u0105cz\u0105cej Szczecin ze \u015awinouj\u015bciem.<\/p>\n\n\n\n<p>Nazwa wsi wg Bronischa najprawdopodobniej pochodzi od s\u0142owia\u0144skiego Przybronowo lub Pribarnov.<\/p>\n\n\n\n<p>W latach 20 i 30 tych XX wieku na terenie wsi odnaleziono artefakty z epoki kamienia: 3 siekiery krzemienne z grub\u0105 szyjk\u0105 i w\u0105skie d\u0142uto, top\u00f3r kamienny, siekier\u0119 z wywierconym otworem oraz top\u00f3r i motyk\u0119 ze ska\u0142y. Z epoki br\u0105zu odnaleziono: miecz z r\u0119koje\u015bci\u0105 z br\u0105zu z patyn\u0105 bagienn\u0105, uszkodzone i sprasowane naczynia gliniane. Odkryto r\u00f3wnie\u017c poch\u00f3wki kremacyjne z mieszka\u0144 i kurhan\u00f3w gdzie odnaleziono od\u0142amki gliny, wrzeciona i skremowane szcz\u0105tki. Znaleziska \u015bwiadcz\u0105 o zamieszkiwaniu tej ziemi od bardzo dawna.<\/p>\n\n\n\n<figure class=\"wp-block-image size-large\"><a href=\"http:\/\/historia-zachodniopomorskie.pl\/wp-content\/uploads\/2024\/12\/108-scaled.jpg\"><img fetchpriority=\"high\" decoding=\"async\" width=\"1024\" height=\"647\" src=\"http:\/\/historia-zachodniopomorskie.pl\/wp-content\/uploads\/2024\/12\/108-1024x647.jpg\" alt=\"\" class=\"wp-image-3976\" srcset=\"http:\/\/historia-zachodniopomorskie.pl\/wp-content\/uploads\/2024\/12\/108-1024x647.jpg 1024w, http:\/\/historia-zachodniopomorskie.pl\/wp-content\/uploads\/2024\/12\/108-300x190.jpg 300w, http:\/\/historia-zachodniopomorskie.pl\/wp-content\/uploads\/2024\/12\/108-768x486.jpg 768w, http:\/\/historia-zachodniopomorskie.pl\/wp-content\/uploads\/2024\/12\/108-1536x971.jpg 1536w, http:\/\/historia-zachodniopomorskie.pl\/wp-content\/uploads\/2024\/12\/108-2048x1295.jpg 2048w, http:\/\/historia-zachodniopomorskie.pl\/wp-content\/uploads\/2024\/12\/108-1200x759.jpg 1200w\" sizes=\"(max-width: 709px) 85vw, (max-width: 909px) 67vw, (max-width: 1362px) 62vw, 840px\" \/><\/a><\/figure>\n\n\n\n<p><em>fot. Zdj\u0119cie lotnicze wykonane z wysoko\u015bci 150 metr\u00f3w w roku 1939. Widok\u00f3wka z kolekcji Wojciech Janda<\/em><\/p>\n\n\n\n<!--more-->\n\n\n\n<figure class=\"wp-block-image size-large\"><a href=\"http:\/\/historia-zachodniopomorskie.pl\/wp-content\/uploads\/2024\/12\/Przybiernow11-scaled.jpg\"><img decoding=\"async\" width=\"1024\" height=\"576\" src=\"http:\/\/historia-zachodniopomorskie.pl\/wp-content\/uploads\/2024\/12\/Przybiernow11-1024x576.jpg\" alt=\"\" class=\"wp-image-3986\" srcset=\"http:\/\/historia-zachodniopomorskie.pl\/wp-content\/uploads\/2024\/12\/Przybiernow11-1024x576.jpg 1024w, http:\/\/historia-zachodniopomorskie.pl\/wp-content\/uploads\/2024\/12\/Przybiernow11-300x169.jpg 300w, http:\/\/historia-zachodniopomorskie.pl\/wp-content\/uploads\/2024\/12\/Przybiernow11-768x432.jpg 768w, http:\/\/historia-zachodniopomorskie.pl\/wp-content\/uploads\/2024\/12\/Przybiernow11-1536x864.jpg 1536w, http:\/\/historia-zachodniopomorskie.pl\/wp-content\/uploads\/2024\/12\/Przybiernow11-2048x1152.jpg 2048w, http:\/\/historia-zachodniopomorskie.pl\/wp-content\/uploads\/2024\/12\/Przybiernow11-1200x675.jpg 1200w\" sizes=\"(max-width: 709px) 85vw, (max-width: 909px) 67vw, (max-width: 1362px) 62vw, 840px\" \/><\/a><\/figure>\n\n\n\n<figure class=\"wp-block-image size-large\"><a href=\"http:\/\/historia-zachodniopomorskie.pl\/wp-content\/uploads\/2024\/12\/Przybiernow1-scaled.jpg\"><img decoding=\"async\" width=\"1024\" height=\"576\" src=\"http:\/\/historia-zachodniopomorskie.pl\/wp-content\/uploads\/2024\/12\/Przybiernow1-1024x576.jpg\" alt=\"\" class=\"wp-image-3983\" srcset=\"http:\/\/historia-zachodniopomorskie.pl\/wp-content\/uploads\/2024\/12\/Przybiernow1-1024x576.jpg 1024w, http:\/\/historia-zachodniopomorskie.pl\/wp-content\/uploads\/2024\/12\/Przybiernow1-300x169.jpg 300w, http:\/\/historia-zachodniopomorskie.pl\/wp-content\/uploads\/2024\/12\/Przybiernow1-768x432.jpg 768w, http:\/\/historia-zachodniopomorskie.pl\/wp-content\/uploads\/2024\/12\/Przybiernow1-1536x864.jpg 1536w, http:\/\/historia-zachodniopomorskie.pl\/wp-content\/uploads\/2024\/12\/Przybiernow1-2048x1152.jpg 2048w, http:\/\/historia-zachodniopomorskie.pl\/wp-content\/uploads\/2024\/12\/Przybiernow1-1200x675.jpg 1200w\" sizes=\"(max-width: 709px) 85vw, (max-width: 909px) 67vw, (max-width: 1362px) 62vw, 840px\" \/><\/a><\/figure>\n\n\n\n<figure class=\"wp-block-image size-large\"><a href=\"http:\/\/historia-zachodniopomorskie.pl\/wp-content\/uploads\/2024\/12\/Przybiernow5-scaled.jpg\"><img loading=\"lazy\" decoding=\"async\" width=\"1024\" height=\"576\" src=\"http:\/\/historia-zachodniopomorskie.pl\/wp-content\/uploads\/2024\/12\/Przybiernow5-1024x576.jpg\" alt=\"\" class=\"wp-image-3985\" srcset=\"http:\/\/historia-zachodniopomorskie.pl\/wp-content\/uploads\/2024\/12\/Przybiernow5-1024x576.jpg 1024w, http:\/\/historia-zachodniopomorskie.pl\/wp-content\/uploads\/2024\/12\/Przybiernow5-300x169.jpg 300w, http:\/\/historia-zachodniopomorskie.pl\/wp-content\/uploads\/2024\/12\/Przybiernow5-768x432.jpg 768w, http:\/\/historia-zachodniopomorskie.pl\/wp-content\/uploads\/2024\/12\/Przybiernow5-1536x864.jpg 1536w, http:\/\/historia-zachodniopomorskie.pl\/wp-content\/uploads\/2024\/12\/Przybiernow5-2048x1152.jpg 2048w, http:\/\/historia-zachodniopomorskie.pl\/wp-content\/uploads\/2024\/12\/Przybiernow5-1200x675.jpg 1200w\" sizes=\"(max-width: 709px) 85vw, (max-width: 909px) 67vw, (max-width: 1362px) 62vw, 840px\" \/><\/a><\/figure>\n\n\n\n<p><em>fot. Przybiern\u00f3w z lotu ptaka-czerwiec 2024. Zdj\u0119cie Zbigniew Wilkowski<\/em><\/p>\n\n\n\n<p>Pierwsza wzmianka o wsi pochodzi z 1311 roku. W 1321 roku wie\u015b jest w posiadaniu biskupa kamie\u0144skiego. W 1326 roku w Przybiernowie wymieniani s\u0105 bracia Erhard i Bertold D\u00f6ring jako w\u0142a\u015bciciele folwarku z 4 \u0142anami ziemi. W roku 1363 biskup kamie\u0144ski Jan odst\u0105pi\u0142 maj\u0105tek Kapitule Kamie\u0144skiej. W 1364 roku wymieniany jest w\u00f3jt Pribbernow niejaki Bertold von Bandelin. W XV wieku Przybiern\u00f3w trafia jako zastaw do rodu von Flemming. W 1500 roku nast\u0105pi\u0142o odkupienie wsi od von Flemming\u00f3w przez przedstawicieli kapitu\u0142y katedralnej. W 1531 roku wie\u015b odkupuje biskup kamie\u0144ski.<\/p>\n\n\n\n<p>W 1588 roku wybudowano we wsi m\u0142yn zwany \u201eScherlinke\u201d. Kapitu\u0142a katedralna przekaza\u0142a go Barthowi Ruschenbergowi. W 1623 roku wymieniani s\u0105 z nazwiska podatnicy z Przybiernowa. W 1684 wymienia si\u0119 3 opuszczone gospodarstwa z 6 \u0142anami, kt\u00f3re dodano do grunt\u00f3w rolnych le\u017c\u0105cych na ziemi rycerskiej. W 1706 roku wymienia si\u0119 tu 15 rolnik\u00f3w, 7 du\u017cych ch\u0142op\u00f3w ma\u0142orolnych, 10 cha\u0142upnik\u00f3w i 2 pasterzy. W 1744 podana zosta\u0142a pe\u0142na lista nazwisk w\u0142a\u015bcicieli i poprzednich w\u0142a\u015bcicieli Przybiernowa. W 1750 w Przybiernowie znajduje si\u0119  50 dom\u00f3w. \u00a0W 1781 w Przybiernowie wybuch po\u017car, w kt\u00f3rego wyniku sp\u0142on\u0119\u0142o 5 gospodarstw i dwa domy rodzinne. W 1786 roku utworzono maj\u0105tek Klamannswalde. W 1811 nast\u0105pi\u0142a sprzeda\u017c dworu. W 1839 we wsi wymieniany jest dw\u00f3r, 15 rolnik\u00f3w, 5 robotnik\u00f3w rolnych, 2 po\u0142\u0105czone gospodarstwa robotnik\u00f3w rolnych, m\u0142ynarz, kowal, 22 rolnik\u00f3w i w\u0142a\u015bcicieli -mieszka\u0144c\u00f3w.<\/p>\n\n\n\n<figure class=\"wp-block-image size-full\"><a href=\"http:\/\/historia-zachodniopomorskie.pl\/wp-content\/uploads\/2024\/12\/304-305-\u2014-kopia-2.jpg\"><img loading=\"lazy\" decoding=\"async\" width=\"711\" height=\"656\" src=\"http:\/\/historia-zachodniopomorskie.pl\/wp-content\/uploads\/2024\/12\/304-305-\u2014-kopia-2.jpg\" alt=\"\" class=\"wp-image-3978\" srcset=\"http:\/\/historia-zachodniopomorskie.pl\/wp-content\/uploads\/2024\/12\/304-305-\u2014-kopia-2.jpg 711w, http:\/\/historia-zachodniopomorskie.pl\/wp-content\/uploads\/2024\/12\/304-305-\u2014-kopia-2-300x277.jpg 300w\" sizes=\"(max-width: 709px) 85vw, (max-width: 909px) 67vw, (max-width: 984px) 61vw, (max-width: 1362px) 45vw, 600px\" \/><\/a><\/figure>\n\n\n\n<p><em>fot. Plan wsi Przybiern\u00f3w z prze\u0142omu lat 1804\/05<\/em><\/p>\n\n\n\n<p>W 1846 roku za\u0142o\u017cony zosta\u0142 maj\u0105tek Heinrichshof (Sosnowice) przez w\u0142a\u015bciciela ziemskiego Heinricha Lobedan. \u00a0W 1868 w Przybiernowie by\u0142o 75 dom\u00f3w mieszkalnych, zabudowa proboszcz\u00f3wki, dwuklasowa szko\u0142a, posiad\u0142o\u015b\u0107 m\u0142ynarza, dom ubogich, ku\u017ania, od 1859 roku bita szosa z Goleniowa do Przybiernowa, Wolina i Kamienia Pomorskiego, od 1888 roku szosa z Przybiernowa do Goleniowa oraz do Stepnicy. W 1892 roku wytyczono w  pobli\u017cu lini\u0119 kolejow\u0105, wie\u015b posiada\u0142a poczt\u0119 oraz stacj\u0119 dyli\u017cans\u00f3w.<\/p>\n\n\n\n<p>W 1870 roku wymienia si\u0119 folwark z budynkami gospodarczymi, posiadaj\u0105cy 3476 akr\u00f3w i 138 mieszka\u0144c\u00f3w, a w samej wsi 58 w\u0142a\u015bcicieli ziemskich w tym 30 cha\u0142upnik\u00f3w z 2027 akrami i 728 mieszka\u0144c\u00f3w. W 1906 roku za\u0142o\u017cono 30 gospodarstw czynszowych. W Przybiernowie znajdowa\u0142 si\u0119 &nbsp;posterunek policji, posiadaj\u0105cy w\u0142asny areszt. W centrum wsi znajduje si\u0119 ko\u015bci\u00f3\u0142, przed 1945 ewangelicki dzi\u015b katolicki.<\/p>\n\n\n\n<figure class=\"wp-block-image size-large\"><a href=\"http:\/\/historia-zachodniopomorskie.pl\/wp-content\/uploads\/2024\/12\/59-scaled.jpg\"><img loading=\"lazy\" decoding=\"async\" width=\"1024\" height=\"671\" src=\"http:\/\/historia-zachodniopomorskie.pl\/wp-content\/uploads\/2024\/12\/59-1024x671.jpg\" alt=\"\" class=\"wp-image-3974\" srcset=\"http:\/\/historia-zachodniopomorskie.pl\/wp-content\/uploads\/2024\/12\/59-1024x671.jpg 1024w, http:\/\/historia-zachodniopomorskie.pl\/wp-content\/uploads\/2024\/12\/59-300x197.jpg 300w, http:\/\/historia-zachodniopomorskie.pl\/wp-content\/uploads\/2024\/12\/59-768x503.jpg 768w, http:\/\/historia-zachodniopomorskie.pl\/wp-content\/uploads\/2024\/12\/59-1536x1007.jpg 1536w, http:\/\/historia-zachodniopomorskie.pl\/wp-content\/uploads\/2024\/12\/59-2048x1342.jpg 2048w, http:\/\/historia-zachodniopomorskie.pl\/wp-content\/uploads\/2024\/12\/59-1200x786.jpg 1200w\" sizes=\"(max-width: 709px) 85vw, (max-width: 909px) 67vw, (max-width: 1362px) 62vw, 840px\" \/><\/a><\/figure>\n\n\n\n<p><em>fot. Widok\u00f3wka z roku 1902, wys\u0142ana do Drezna. Kolekcja Wojciech Janda<\/em><\/p>\n\n\n\n<figure class=\"wp-block-image size-large\"><a href=\"http:\/\/historia-zachodniopomorskie.pl\/wp-content\/uploads\/2024\/12\/90-scaled.jpg\"><img loading=\"lazy\" decoding=\"async\" width=\"1024\" height=\"659\" src=\"http:\/\/historia-zachodniopomorskie.pl\/wp-content\/uploads\/2024\/12\/90-1024x659.jpg\" alt=\"\" class=\"wp-image-3975\" srcset=\"http:\/\/historia-zachodniopomorskie.pl\/wp-content\/uploads\/2024\/12\/90-1024x659.jpg 1024w, http:\/\/historia-zachodniopomorskie.pl\/wp-content\/uploads\/2024\/12\/90-300x193.jpg 300w, http:\/\/historia-zachodniopomorskie.pl\/wp-content\/uploads\/2024\/12\/90-768x495.jpg 768w, http:\/\/historia-zachodniopomorskie.pl\/wp-content\/uploads\/2024\/12\/90-1536x989.jpg 1536w, http:\/\/historia-zachodniopomorskie.pl\/wp-content\/uploads\/2024\/12\/90-2048x1319.jpg 2048w, http:\/\/historia-zachodniopomorskie.pl\/wp-content\/uploads\/2024\/12\/90-1200x773.jpg 1200w\" sizes=\"(max-width: 709px) 85vw, (max-width: 909px) 67vw, (max-width: 1362px) 62vw, 840px\" \/><\/a><\/figure>\n\n\n\n<p><em>fot. Widok\u00f3wka z roku 1912, przedstawiaj\u0105ca budynek hotelu, kt\u00f3ry istnieje do dzi\u015b. Kolekcja Wojciech Janda<\/em><\/p>\n\n\n\n<figure class=\"wp-block-image size-large\"><a href=\"http:\/\/historia-zachodniopomorskie.pl\/wp-content\/uploads\/2024\/12\/124-scaled.jpg\"><img loading=\"lazy\" decoding=\"async\" width=\"1024\" height=\"663\" src=\"http:\/\/historia-zachodniopomorskie.pl\/wp-content\/uploads\/2024\/12\/124-1024x663.jpg\" alt=\"\" class=\"wp-image-3977\" srcset=\"http:\/\/historia-zachodniopomorskie.pl\/wp-content\/uploads\/2024\/12\/124-1024x663.jpg 1024w, http:\/\/historia-zachodniopomorskie.pl\/wp-content\/uploads\/2024\/12\/124-300x194.jpg 300w, http:\/\/historia-zachodniopomorskie.pl\/wp-content\/uploads\/2024\/12\/124-768x497.jpg 768w, http:\/\/historia-zachodniopomorskie.pl\/wp-content\/uploads\/2024\/12\/124-1536x994.jpg 1536w, http:\/\/historia-zachodniopomorskie.pl\/wp-content\/uploads\/2024\/12\/124-2048x1326.jpg 2048w, http:\/\/historia-zachodniopomorskie.pl\/wp-content\/uploads\/2024\/12\/124-1200x777.jpg 1200w\" sizes=\"(max-width: 709px) 85vw, (max-width: 909px) 67vw, (max-width: 1362px) 62vw, 840px\" \/><\/a><\/figure>\n\n\n\n<p><em>fot. Widok\u00f3wka z roku 1943. Kolekcja Wojciech Janda<\/em><\/p>\n\n\n\n<p>Wg opisu Bronischa w 1939 roku w Przybiernowie znajdowa\u0142 si\u0119 jeszcze jedyny zachowany dom z prze\u0142omu XVII\/XVIII wieku. By\u0142 to dom mieszkalny nale\u017c\u0105cy do M.Bohlmanna. By\u0142 to budynek dwukondygnacyjny o konstrukcji szkieletowej z drewna d\u0119bowego z wype\u0142nieniem glinianym. Posiada\u0142 szerok\u0105 sie\u0144 biegn\u0105c\u0105 przez obie kondygnacje, a po obu jej stronach znajdowa\u0142y si\u0119 pomieszczenia mieszkalne i stajnie na dolnej kondygnacji oraz poddasze na siano i zbo\u017ce na pi\u0119trze.<\/p>\n\n\n\n<figure class=\"wp-block-image size-large\"><a href=\"http:\/\/historia-zachodniopomorskie.pl\/wp-content\/uploads\/2024\/12\/1930Powiat-Cammin-Pribbernow-Poswiecenie-budowy-u-zegarmistrza-mistrza-Alberta-Wendlandta-1930-roku-scaled.jpg\"><img loading=\"lazy\" decoding=\"async\" width=\"1024\" height=\"941\" src=\"http:\/\/historia-zachodniopomorskie.pl\/wp-content\/uploads\/2024\/12\/1930Powiat-Cammin-Pribbernow-Poswiecenie-budowy-u-zegarmistrza-mistrza-Alberta-Wendlandta-1930-roku-1024x941.jpg\" alt=\"\" class=\"wp-image-3980\" srcset=\"http:\/\/historia-zachodniopomorskie.pl\/wp-content\/uploads\/2024\/12\/1930Powiat-Cammin-Pribbernow-Poswiecenie-budowy-u-zegarmistrza-mistrza-Alberta-Wendlandta-1930-roku-1024x941.jpg 1024w, http:\/\/historia-zachodniopomorskie.pl\/wp-content\/uploads\/2024\/12\/1930Powiat-Cammin-Pribbernow-Poswiecenie-budowy-u-zegarmistrza-mistrza-Alberta-Wendlandta-1930-roku-300x276.jpg 300w, http:\/\/historia-zachodniopomorskie.pl\/wp-content\/uploads\/2024\/12\/1930Powiat-Cammin-Pribbernow-Poswiecenie-budowy-u-zegarmistrza-mistrza-Alberta-Wendlandta-1930-roku-768x706.jpg 768w, http:\/\/historia-zachodniopomorskie.pl\/wp-content\/uploads\/2024\/12\/1930Powiat-Cammin-Pribbernow-Poswiecenie-budowy-u-zegarmistrza-mistrza-Alberta-Wendlandta-1930-roku-1536x1412.jpg 1536w, http:\/\/historia-zachodniopomorskie.pl\/wp-content\/uploads\/2024\/12\/1930Powiat-Cammin-Pribbernow-Poswiecenie-budowy-u-zegarmistrza-mistrza-Alberta-Wendlandta-1930-roku-2048x1882.jpg 2048w, http:\/\/historia-zachodniopomorskie.pl\/wp-content\/uploads\/2024\/12\/1930Powiat-Cammin-Pribbernow-Poswiecenie-budowy-u-zegarmistrza-mistrza-Alberta-Wendlandta-1930-roku-1200x1103.jpg 1200w\" sizes=\"(max-width: 709px) 85vw, (max-width: 909px) 67vw, (max-width: 1362px) 62vw, 840px\" \/><\/a><\/figure>\n\n\n\n<p><em>fot. Przybiern\u00f3w &#8211; zak\u0142adanie tzw. wiechy na budynku mistrza zegarmistrza Alberta Wendlandta w 1930 roku.<\/em><\/p>\n\n\n\n<p>Kolejnym gospodarstwem ze starszym rodowodem by\u0142o gospodarstwo niejakiego Piepkorna. Znajdowa\u0142o si\u0119 ono na po\u0142udniowym kra\u0144cu wsi. By\u0142 to dawny maj\u0105tek, a budynek mieszkalny by\u0142 dwukondygnacyjny z muru pruskiego, otynkowany z kalenicowym dachem czterospadowym. Dach by\u0142 pokryty dach\u00f3wk\u0105 karpi\u00f3wk\u0105 z drugiej po\u0142owy XVIII w. Po p\u00f3\u0142nocnej stronie gospodarstwa znajdowa\u0142a si\u0119 stodo\u0142a. By\u0142 to budynek szachulcowy z dachem krytym strzech\u0105, a na jednej z belek znajdowa\u0142a si\u0119 data \u201e1759\u201d.<\/p>\n\n\n\n<figure class=\"wp-block-image size-large\"><a href=\"http:\/\/historia-zachodniopomorskie.pl\/wp-content\/uploads\/2024\/12\/SKM_C45824050609580-\u2014-kopia.jpg\"><img loading=\"lazy\" decoding=\"async\" width=\"1024\" height=\"641\" src=\"http:\/\/historia-zachodniopomorskie.pl\/wp-content\/uploads\/2024\/12\/SKM_C45824050609580-\u2014-kopia-1024x641.jpg\" alt=\"\" class=\"wp-image-3988\" srcset=\"http:\/\/historia-zachodniopomorskie.pl\/wp-content\/uploads\/2024\/12\/SKM_C45824050609580-\u2014-kopia-1024x641.jpg 1024w, http:\/\/historia-zachodniopomorskie.pl\/wp-content\/uploads\/2024\/12\/SKM_C45824050609580-\u2014-kopia-300x188.jpg 300w, http:\/\/historia-zachodniopomorskie.pl\/wp-content\/uploads\/2024\/12\/SKM_C45824050609580-\u2014-kopia-768x481.jpg 768w, http:\/\/historia-zachodniopomorskie.pl\/wp-content\/uploads\/2024\/12\/SKM_C45824050609580-\u2014-kopia-1200x751.jpg 1200w, http:\/\/historia-zachodniopomorskie.pl\/wp-content\/uploads\/2024\/12\/SKM_C45824050609580-\u2014-kopia.jpg 1492w\" sizes=\"(max-width: 709px) 85vw, (max-width: 909px) 67vw, (max-width: 1362px) 62vw, 840px\" \/><\/a><\/figure>\n\n\n\n<p><em>fot. Maj\u0105tek Piepkorna w roku 1939<\/em><\/p>\n\n\n\n<p>Na po\u0142udniowym kra\u0144cu wsi, na wzg\u00f3rzu m\u0142y\u0144skim znajdowa\u0142 si\u0119 wiatrak. W 1939 roku by\u0142 w bardzo dobrym stanie. By\u0142 to budynek z 1837 roku, kt\u00f3rego \u00f3wczesnym w\u0142a\u015bcicielem by\u0142 Strau\u00df. Na jednej z belek znajdowa\u0142a si\u0119 inskrypcja <strong><em>&#8222;Fimmer und Flammen rissen mich nieder, mit Gottes Hilfe steh ich schon wieder\u201d \u2013 \u201eOgie\u0144 i p\u0142omienie powali\u0142y mnie na ziemi\u0119, z Bo\u017c\u0105 pomoc\u0105 ju\u017c znowu stoj\u0119\u201d<\/em><\/strong>. Z inskrypcji wynika, i\u017c cz\u0142owiek ten musia\u0142 przej\u015b\u0107 bardzo trudne chwile w swoim \u017cyciu, ale uda\u0142o mu si\u0119 przezwyci\u0119\u017cy\u0107 trudno\u015bci. \u00a0Z inskrypcji mo\u017cna wnioskowa\u0107, i\u017c by\u0142 to po\u017car.<\/p>\n\n\n\n<figure class=\"wp-block-image size-large\"><a href=\"http:\/\/historia-zachodniopomorskie.pl\/wp-content\/uploads\/2024\/12\/SKM_C45824050609171-\u2014-kopia.jpg\"><img loading=\"lazy\" decoding=\"async\" width=\"1024\" height=\"635\" src=\"http:\/\/historia-zachodniopomorskie.pl\/wp-content\/uploads\/2024\/12\/SKM_C45824050609171-\u2014-kopia-1024x635.jpg\" alt=\"\" class=\"wp-image-3987\" srcset=\"http:\/\/historia-zachodniopomorskie.pl\/wp-content\/uploads\/2024\/12\/SKM_C45824050609171-\u2014-kopia-1024x635.jpg 1024w, http:\/\/historia-zachodniopomorskie.pl\/wp-content\/uploads\/2024\/12\/SKM_C45824050609171-\u2014-kopia-300x186.jpg 300w, http:\/\/historia-zachodniopomorskie.pl\/wp-content\/uploads\/2024\/12\/SKM_C45824050609171-\u2014-kopia-768x476.jpg 768w, http:\/\/historia-zachodniopomorskie.pl\/wp-content\/uploads\/2024\/12\/SKM_C45824050609171-\u2014-kopia-1200x744.jpg 1200w, http:\/\/historia-zachodniopomorskie.pl\/wp-content\/uploads\/2024\/12\/SKM_C45824050609171-\u2014-kopia.jpg 1491w\" sizes=\"(max-width: 709px) 85vw, (max-width: 909px) 67vw, (max-width: 1362px) 62vw, 840px\" \/><\/a><\/figure>\n\n\n\n<p><em>fot. Wiatrak nale\u017c\u0105cy do Strau\u00dfa, rok 1939<\/em><\/p>\n\n\n\n<figure class=\"wp-block-image size-large\"><a href=\"http:\/\/historia-zachodniopomorskie.pl\/wp-content\/uploads\/2024\/12\/304-305-\u2014-kopia-3.jpg\"><img loading=\"lazy\" decoding=\"async\" width=\"1024\" height=\"689\" src=\"http:\/\/historia-zachodniopomorskie.pl\/wp-content\/uploads\/2024\/12\/304-305-\u2014-kopia-3-1024x689.jpg\" alt=\"\" class=\"wp-image-3979\" srcset=\"http:\/\/historia-zachodniopomorskie.pl\/wp-content\/uploads\/2024\/12\/304-305-\u2014-kopia-3-1024x689.jpg 1024w, http:\/\/historia-zachodniopomorskie.pl\/wp-content\/uploads\/2024\/12\/304-305-\u2014-kopia-3-300x202.jpg 300w, http:\/\/historia-zachodniopomorskie.pl\/wp-content\/uploads\/2024\/12\/304-305-\u2014-kopia-3-768x517.jpg 768w, http:\/\/historia-zachodniopomorskie.pl\/wp-content\/uploads\/2024\/12\/304-305-\u2014-kopia-3-1200x808.jpg 1200w, http:\/\/historia-zachodniopomorskie.pl\/wp-content\/uploads\/2024\/12\/304-305-\u2014-kopia-3.jpg 1337w\" sizes=\"(max-width: 709px) 85vw, (max-width: 909px) 67vw, (max-width: 1362px) 62vw, 840px\" \/><\/a><\/figure>\n\n\n\n<p><em>fot. Rysunek wiatraka  Strau\u00dfa w skali 1:200<\/em><\/p>\n\n\n\n<p>W 1939 roku Przybiern\u00f3w liczy\u0142 1097 mieszka\u0144c\u00f3w, a do wsi nale\u017ca\u0142y osady: Friedrichsfelde (Bratonie), Heinrichshof (Sosnowice) i Klamannswalde.<\/p>\n\n\n\n<p>W pobli\u017cu Przybiernowa znajdowa\u0142 si\u0119 zamek Camenz. Wielokrotnie wymieniany w \u015bredniowiecznych kronikach. Po\u0142o\u017cony by\u0142 na styku granic ziem wsi: Pribbernow (Przybiern\u00f3w), Medewitz (Miodowice), Sabessow (Zabierzewo) i Kantreck (\u0141o\u017anica). Zgodnie z opisem granic ziem Stargardu i Massow (Maszewo) z 1269 roku, jedna po\u0142owa <strong>\u201e<em>castelli quod dicitur Camenz<\/em>\u201d &#8211; <em>&#8222;Zamek, kt\u00f3ry nazywa si\u0119 Camenz&#8221; <\/em><\/strong>nale\u017ca\u0142a do ksiecia pomorskiego, a druga do biskupa i kapitu\u0142y katedralnej w Kammin (Kamie\u0144 Pomorski). Wg Friedricha von Dregera i Christiana Friedricha Wutstrack, dw\u00f3ch znamienitych \u00f3wczesnych historyk\u00f3w ziemi pomorskiej, odpowiednio w roku 1748 i 1793, wa\u0142 dawnego zamku, kt\u00f3ry le\u017ca\u0142 na ziemiach posiad\u0142o\u015bci Kantreck, by\u0142 nadal widoczny. Dzi\u015b niestety nie jeste\u015bmy w stanie odnale\u017a\u0107 lokalizacji owego ksi\u0105\u017c\u0119cego zamku. Wg Wutstracka w dawnym domku my\u015bliwskim nale\u017c\u0105cym do ksi\u0105\u017c\u0105t pomorskich ko\u0142o wsi Pribbernow, w dniu 31 pa\u017adziernika 1622 roku zmar\u0142 ksi\u0105\u017c\u0119 Ulryk I. Ksi\u0105\u017ce Ulryk I w\u0142ada\u0142 pomorskimi domenami w Szczecinku i Dar\u0142owie. To w\u0142a\u015bnie do tej drugiej miejscowo\u015bci pod\u0105\u017ca\u0142, kiedy to \u017ale si\u0119 poczu\u0142 w dniu 11 pa\u017adziernika 1622 roku i zatrzyma\u0142 si\u0119 w ksi\u0105\u017c\u0119cym dworku my\u015bliwskim, gdzie zmar\u0142 20 dni p\u00f3\u017aniej. Zosta\u0142 pochowany w ko\u015bciele zamkowym w Szczecinie. Czy zamek i domek my\u015bliwski to to samo? Pewnie tak, cho\u0107 pewno\u015bci nie mam.<\/p>\n\n\n\n<figure class=\"wp-block-image size-large\"><a href=\"http:\/\/historia-zachodniopomorskie.pl\/wp-content\/uploads\/2024\/12\/34-35-\u2014-kopia.jpg\"><img loading=\"lazy\" decoding=\"async\" width=\"1024\" height=\"797\" src=\"http:\/\/historia-zachodniopomorskie.pl\/wp-content\/uploads\/2024\/12\/34-35-\u2014-kopia-1024x797.jpg\" alt=\"\" class=\"wp-image-4000\" srcset=\"http:\/\/historia-zachodniopomorskie.pl\/wp-content\/uploads\/2024\/12\/34-35-\u2014-kopia-1024x797.jpg 1024w, http:\/\/historia-zachodniopomorskie.pl\/wp-content\/uploads\/2024\/12\/34-35-\u2014-kopia-300x234.jpg 300w, http:\/\/historia-zachodniopomorskie.pl\/wp-content\/uploads\/2024\/12\/34-35-\u2014-kopia-768x598.jpg 768w, http:\/\/historia-zachodniopomorskie.pl\/wp-content\/uploads\/2024\/12\/34-35-\u2014-kopia.jpg 1147w\" sizes=\"(max-width: 709px) 85vw, (max-width: 909px) 67vw, (max-width: 1362px) 62vw, 840px\" \/><\/a><\/figure>\n\n\n\n<p><em>fot. Mapa osadnictwa w okresie \u015bredniowiecza z widocznym zaznaczonym zamkiem Camenz<\/em><\/p>\n\n\n\n<p>Podczas II wojny \u015bwiatowej Przybiern\u00f3w zosta\u0142 zdobyty w wyniku operacji pomorskiej. Dnia 6 marca 1945 roku jednostki 23 Dywizji Piechoty zdoby\u0142y Przybiern\u00f3w, a tereny te zosta\u0142y obj\u0119te administracj\u0105 polska i znalaz\u0142y si\u0119 w granicach Rzeczpospolitej.<\/p>\n\n\n\n<figure class=\"wp-block-image size-large\"><a href=\"http:\/\/historia-zachodniopomorskie.pl\/wp-content\/uploads\/2024\/12\/Oddzial-kawalerii-WP-w-przybiernowie-08.04.1945-scaled.jpg\"><img loading=\"lazy\" decoding=\"async\" width=\"1024\" height=\"753\" src=\"http:\/\/historia-zachodniopomorskie.pl\/wp-content\/uploads\/2024\/12\/Oddzial-kawalerii-WP-w-przybiernowie-08.04.1945-1024x753.jpg\" alt=\"\" class=\"wp-image-3982\" srcset=\"http:\/\/historia-zachodniopomorskie.pl\/wp-content\/uploads\/2024\/12\/Oddzial-kawalerii-WP-w-przybiernowie-08.04.1945-1024x753.jpg 1024w, http:\/\/historia-zachodniopomorskie.pl\/wp-content\/uploads\/2024\/12\/Oddzial-kawalerii-WP-w-przybiernowie-08.04.1945-300x221.jpg 300w, http:\/\/historia-zachodniopomorskie.pl\/wp-content\/uploads\/2024\/12\/Oddzial-kawalerii-WP-w-przybiernowie-08.04.1945-768x565.jpg 768w, http:\/\/historia-zachodniopomorskie.pl\/wp-content\/uploads\/2024\/12\/Oddzial-kawalerii-WP-w-przybiernowie-08.04.1945-1536x1130.jpg 1536w, http:\/\/historia-zachodniopomorskie.pl\/wp-content\/uploads\/2024\/12\/Oddzial-kawalerii-WP-w-przybiernowie-08.04.1945-2048x1507.jpg 2048w, http:\/\/historia-zachodniopomorskie.pl\/wp-content\/uploads\/2024\/12\/Oddzial-kawalerii-WP-w-przybiernowie-08.04.1945-1200x883.jpg 1200w\" sizes=\"(max-width: 709px) 85vw, (max-width: 909px) 67vw, (max-width: 1362px) 62vw, 840px\" \/><\/a><\/figure>\n\n\n\n<p><em>fot. Oddzia\u0142 kawalerii Wojska Polskiego w Przybiernowie w dniu 08.04.1945 rok<\/em><\/p>\n\n\n\n<p>Do 1946 roku miejscowo\u015b\u0107 nosi\u0142a nazw\u0119 przej\u015bciow\u0105 \u2013 Przyborowo. Od roku 1947 Przybiern\u00f3w jest siedzib\u0105 w\u0142adz gminnych, a gmina Przybiern\u00f3w nale\u017cy \u00f3wcze\u015bnie do powiatu kamie\u0144skiego. Od roku 1954 Przybiern\u00f3w nale\u017cy do powiatu goleniowskiego. <\/p>\n\n\n\n<p>W roku 2019 Przybiern\u00f3w liczy\u0142 1599 mieszka\u0144c\u00f3w.<\/p>\n\n\n\n<figure class=\"wp-block-image size-large\"><a href=\"http:\/\/historia-zachodniopomorskie.pl\/wp-content\/uploads\/2024\/12\/2254_Pribbernow_II.1945_uniberk_C057609081.jpg\"><img loading=\"lazy\" decoding=\"async\" width=\"1024\" height=\"793\" src=\"http:\/\/historia-zachodniopomorskie.pl\/wp-content\/uploads\/2024\/12\/2254_Pribbernow_II.1945_uniberk_C057609081-1024x793.jpg\" alt=\"\" class=\"wp-image-3981\" srcset=\"http:\/\/historia-zachodniopomorskie.pl\/wp-content\/uploads\/2024\/12\/2254_Pribbernow_II.1945_uniberk_C057609081-1024x793.jpg 1024w, http:\/\/historia-zachodniopomorskie.pl\/wp-content\/uploads\/2024\/12\/2254_Pribbernow_II.1945_uniberk_C057609081-300x232.jpg 300w, http:\/\/historia-zachodniopomorskie.pl\/wp-content\/uploads\/2024\/12\/2254_Pribbernow_II.1945_uniberk_C057609081-768x595.jpg 768w, http:\/\/historia-zachodniopomorskie.pl\/wp-content\/uploads\/2024\/12\/2254_Pribbernow_II.1945_uniberk_C057609081-1536x1189.jpg 1536w, http:\/\/historia-zachodniopomorskie.pl\/wp-content\/uploads\/2024\/12\/2254_Pribbernow_II.1945_uniberk_C057609081-1200x929.jpg 1200w, http:\/\/historia-zachodniopomorskie.pl\/wp-content\/uploads\/2024\/12\/2254_Pribbernow_II.1945_uniberk_C057609081.jpg 2012w\" sizes=\"(max-width: 709px) 85vw, (max-width: 909px) 67vw, (max-width: 1362px) 62vw, 840px\" \/><\/a><\/figure>\n\n\n\n<p><em>fot. Mapa Przybiernowa i okolic z 1942 roku<\/em><\/p>\n\n\n\n<p class=\"has-medium-font-size\"><strong><em>T\u0142umaczenie z j\u0119zyka niemieckiego: Tomasz Wetta<\/em><\/strong><\/p>\n\n\n\n<p><\/p>\n","protected":false},"excerpt":{"rendered":"<p>Wie\u015b le\u017cy przy trasie S-3 \u0142\u0105cz\u0105cej Szczecin ze \u015awinouj\u015bciem. Nazwa wsi wg Bronischa najprawdopodobniej pochodzi od s\u0142owia\u0144skiego Przybronowo lub Pribarnov. W latach 20 i 30 tych XX wieku na terenie wsi odnaleziono artefakty z epoki kamienia: 3 siekiery krzemienne z grub\u0105 szyjk\u0105 i w\u0105skie d\u0142uto, top\u00f3r kamienny, siekier\u0119 z wywierconym otworem oraz top\u00f3r i motyk\u0119 &hellip; <a href=\"http:\/\/historia-zachodniopomorskie.pl\/?p=1013\" class=\"more-link\">Czytaj dalej<span class=\"screen-reader-text\"> \u201ePrzybiern\u00f3w (do 1945 roku: Pribbernow)\u201d<\/span><\/a><\/p>\n","protected":false},"author":2,"featured_media":0,"comment_status":"open","ping_status":"open","sticky":false,"template":"","format":"standard","meta":{"footnotes":""},"categories":[14,1,2],"tags":[],"class_list":["post-1013","post","type-post","status-publish","format-standard","hentry","category-gmina-przybiernow","category-uncategorized","category-powiat-goleniowski"],"_links":{"self":[{"href":"http:\/\/historia-zachodniopomorskie.pl\/index.php?rest_route=\/wp\/v2\/posts\/1013"}],"collection":[{"href":"http:\/\/historia-zachodniopomorskie.pl\/index.php?rest_route=\/wp\/v2\/posts"}],"about":[{"href":"http:\/\/historia-zachodniopomorskie.pl\/index.php?rest_route=\/wp\/v2\/types\/post"}],"author":[{"embeddable":true,"href":"http:\/\/historia-zachodniopomorskie.pl\/index.php?rest_route=\/wp\/v2\/users\/2"}],"replies":[{"embeddable":true,"href":"http:\/\/historia-zachodniopomorskie.pl\/index.php?rest_route=%2Fwp%2Fv2%2Fcomments&post=1013"}],"version-history":[{"count":28,"href":"http:\/\/historia-zachodniopomorskie.pl\/index.php?rest_route=\/wp\/v2\/posts\/1013\/revisions"}],"predecessor-version":[{"id":4147,"href":"http:\/\/historia-zachodniopomorskie.pl\/index.php?rest_route=\/wp\/v2\/posts\/1013\/revisions\/4147"}],"wp:attachment":[{"href":"http:\/\/historia-zachodniopomorskie.pl\/index.php?rest_route=%2Fwp%2Fv2%2Fmedia&parent=1013"}],"wp:term":[{"taxonomy":"category","embeddable":true,"href":"http:\/\/historia-zachodniopomorskie.pl\/index.php?rest_route=%2Fwp%2Fv2%2Fcategories&post=1013"},{"taxonomy":"post_tag","embeddable":true,"href":"http:\/\/historia-zachodniopomorskie.pl\/index.php?rest_route=%2Fwp%2Fv2%2Ftags&post=1013"}],"curies":[{"name":"wp","href":"https:\/\/api.w.org\/{rel}","templated":true}]}}